{"id":83919,"date":"2025-08-25T22:30:04","date_gmt":"2025-08-26T04:30:04","guid":{"rendered":"https:\/\/zonaroja.com.mx\/?p=83919"},"modified":"2025-08-25T22:30:07","modified_gmt":"2025-08-26T04:30:07","slug":"resalta-jara-cruz-logros-en-desarrollo-economico-turistico-y-agropecuario","status":"publish","type":"post","link":"https:\/\/zonaroja.com.mx\/?p=83919","title":{"rendered":"\u00a0Resalta Jara Cruz logros en desarrollo econ\u00f3mico, tur\u00edstico y agropecuario"},"content":{"rendered":"\n<p>Redacci\u00f3n\/Zona Roja.&nbsp;<\/p>\n\n\n\n<p>Oaxaca, Oax., a 25 de agosto de 2025.- El gobernador Salom\u00f3n Jara Cruz expuso que, en los \u00faltimos dos a\u00f1os, su administraci\u00f3n ha logrado reducir la pobreza en el estado mediante cinco ejes de trabajo, entre ellos, Desarrollo Incluyente en los rubros econ\u00f3mico, agropecuario y tur\u00edstico.<\/p>\n\n\n\n<p>De esta manera, el mandatario estatal expuso que, de 2022 a 2024, ha incrementado el ingreso en los hogares oaxaque\u00f1os, con mejores remuneraciones; adem\u00e1s, ha crecido la actividad industrial, las exportaciones y la derrama econ\u00f3mica asociada al turismo; al igual que la producci\u00f3n agr\u00edcola y pecuaria.<\/p>\n\n\n\n<p>Y no solo eso, tambi\u00e9n, mejor\u00f3 la ubicaci\u00f3n de Oaxaca en materia de competitividad y en la actividad econ\u00f3mica se posicion\u00f3 como el estado con mayor crecimiento de la regi\u00f3n sur sureste del pa\u00eds.<\/p>\n\n\n\n<p>\u201cEstos logros y avances ratifican que el Gobierno del Estado est\u00e1 cumpliendo su compromiso con el bienestar del pueblo; nos pone muy contentos y nos compromete a seguir trabajando con mayor intensidad.\u201d afirm\u00f3 Jara Cruz, durante la conferencia de prensa en Palacio de Gobierno.<\/p>\n\n\n\n<p>En la Primavera Oaxaque\u00f1a, el Producto Interno Bruto (PIB) del estado aument\u00f3 6.9 por ciento; lo que lo situ\u00f3 como el segundo del pa\u00eds con mayor crecimiento. Esto es fruto del alza en 30.8 por ciento en actividad industrial y 10.4 en el acumulado en exportaciones. De 2022 a 2024, la econom\u00eda de Oaxaca registra un crecimiento acumulado de 13.8 por ciento.<\/p>\n\n\n\n<p>El titular de la Secretar\u00eda de Desarrollo Econ\u00f3mico (Sedeco), Ra\u00fal Ruiz Robles inform\u00f3 que, adem\u00e1s, se han otorgado m\u00e1s de mil 80 millones de pesos en cr\u00e9dito a personas emprendedoras; se han registrado 21 mil 315 vinculaciones a empleos; 332 mil 541 personas han sido atendidos a trav\u00e9s de los diferentes programas econ\u00f3micos estatales, en 536 municipios.<\/p>\n\n\n\n<figure class=\"wp-block-embed is-type-rich is-provider-twitter wp-block-embed-twitter\"><div class=\"wp-block-embed__wrapper\">\n<div class=\"twitter-tweet\"><blockquote class=\"twitter-tweet\" data-lang=\"es\"><p lang=\"es\" dir=\"ltr\">En el sector tur\u00edstico se tienen resultados favorables en la actual administraci\u00f3n, con el incremento de la ocupaci\u00f3n hotelera y de visitantes, as\u00ed como de la derrama econ\u00f3mica, expuso hoy la responsable de la <a href=\"https:\/\/twitter.com\/SecturOaxaca?ref_src=twsrc%5Etfw\">@SecturOaxaca<\/a>, <a href=\"https:\/\/twitter.com\/saymipinedav?ref_src=twsrc%5Etfw\">@saymipinedav<\/a>, durante la conferencia de prensa del\u2026 <a href=\"https:\/\/t.co\/SUDWDWo8gW\">pic.twitter.com\/SUDWDWo8gW<\/a><\/p>&mdash; Zona Roja Oaxaca (@ZonaRoja_Oaxaca) <a href=\"https:\/\/twitter.com\/ZonaRoja_Oaxaca\/status\/1960058638032154726?ref_src=twsrc%5Etfw\">25 de agosto de 2025<\/a><\/blockquote><\/div>\n<\/div><\/figure>\n\n\n\n<p>Se han formado para el trabajo seguro y especializado 106 mil 933 personas, de las cuales, el 83 por ciento son mujeres; asimismo, se han acercado servicios estrat\u00e9gicos a 24 mil 40 empresas.<\/p>\n\n\n\n<p>En tanto, el titular de la Secretar\u00eda de Fomento Agroalimentario y Desarrollo Rural (Sefader) Victor L\u00f3pez Leyva dio a conocer que, con una inversi\u00f3n hist\u00f3rica en el campo oaxaque\u00f1o, este gobierno ha destinado 2 mil 110 millones de pesos para mejorar la producci\u00f3n y alcanzar la autosuficiencia alimentaria.<\/p>\n\n\n\n<p>Esta estrategia ha dado resultado con el cultivo, al cierre de 2024, de 771 mil toneladas de ma\u00edz; lo que representa el 90 por ciento del volumen requerido para abastecer la demanda estatal de consumo.<\/p>\n\n\n\n<p>El Gobernador implementa en diferentes municipios del estado, programas como:&nbsp; Abasto Seguro de Ma\u00edz, Autosuficiencia Alimentaria, Agronegocios, Sanidad e Inocuidad Agroalimentaria, Servicios Ambientales, entre otros.<\/p>\n\n\n\n<p>Con este esquema, el valor de las producciones agr\u00edcolas y pecuarias de Oaxaca han crecido en 9 y 12.7 por ciento, respectivamente, en comparaci\u00f3n con lo registrado en el a\u00f1o 2022 cuando inici\u00f3 este gobierno.<\/p>\n\n\n\n<p>La titular de la Secretar\u00eda de Turismo del Estado (Sectur Oaxaca), Saymi Pineda Velasco destac\u00f3 que de 2022 a 2024, la derrama econ\u00f3mica generada por las y los visitantes tuvo una tasa media de crecimiento de 18.56 por ciento.<\/p>\n\n\n\n<p>Detall\u00f3 que, enero a julio de 2025, la ocupaci\u00f3n hotelera a nivel estatal tuvo un promedio de 43.81 por ciento con la llegada de 3 millones 553 mil 739 turistas, que generaron una derrama econ\u00f3mica estimada en 13 mil 670 millones de pesos; que es superior en comparaci\u00f3n con el mismo periodo de 2024.<\/p>\n\n\n\n<p>Respecto a la conectividad a\u00e9rea, el tr\u00e1fico creci\u00f3 3 por ciento de enero a julio de 2025, con 62 mil 164 pasajeros adicionales, alcanzando la atenci\u00f3n de 2 millones 129 mil 837 pasajeros en las cuatro terminales a\u00e9reas del estado.<\/p>\n\n\n\n<p>La reducci\u00f3n de la pobreza en m\u00e1s de 6 puntos, de acuerdo con cifras del Inegi, es producto de una estrategia integral compuesta por los otros cuatro ejes: Gobierno de Territorio, Cercano a Pueblos y Comunidades; Construcci\u00f3n de Seguridad, Paz y Gobernabilidad; Pol\u00edtica de Bienestar y Programas Sociales Propios; y el Manejo Eficiente y Responsable de las Finanzas P\u00fablicas.<\/p>\n","protected":false},"excerpt":{"rendered":"<p>Redacci\u00f3n\/Zona Roja.&nbsp; Oaxaca, Oax., a 25 de agosto de 2025.- El gobernador Salom\u00f3n Jara Cruz&hellip;<\/p>\n","protected":false},"author":2,"featured_media":83916,"comment_status":"closed","ping_status":"open","sticky":false,"template":"","format":"standard","meta":{"_lmt_disableupdate":"","_lmt_disable":"","_jetpack_memberships_contains_paid_content":false,"footnotes":""},"categories":[109,46],"tags":[939],"class_list":["post-83919","post","type-post","status-publish","format-standard","has-post-thumbnail","hentry","category-minuto-a-minuto","category-zona-blanca","tag-salomon-jara-cruz"],"jetpack_featured_media_url":"https:\/\/zonaroja.com.mx\/wp-content\/uploads\/2025\/08\/Salomon-Jara-conferencia.jpeg","jetpack_sharing_enabled":true,"_links":{"self":[{"href":"https:\/\/zonaroja.com.mx\/index.php?rest_route=\/wp\/v2\/posts\/83919","targetHints":{"allow":["GET"]}}],"collection":[{"href":"https:\/\/zonaroja.com.mx\/index.php?rest_route=\/wp\/v2\/posts"}],"about":[{"href":"https:\/\/zonaroja.com.mx\/index.php?rest_route=\/wp\/v2\/types\/post"}],"author":[{"embeddable":true,"href":"https:\/\/zonaroja.com.mx\/index.php?rest_route=\/wp\/v2\/users\/2"}],"replies":[{"embeddable":true,"href":"https:\/\/zonaroja.com.mx\/index.php?rest_route=%2Fwp%2Fv2%2Fcomments&post=83919"}],"version-history":[{"count":1,"href":"https:\/\/zonaroja.com.mx\/index.php?rest_route=\/wp\/v2\/posts\/83919\/revisions"}],"predecessor-version":[{"id":83920,"href":"https:\/\/zonaroja.com.mx\/index.php?rest_route=\/wp\/v2\/posts\/83919\/revisions\/83920"}],"wp:featuredmedia":[{"embeddable":true,"href":"https:\/\/zonaroja.com.mx\/index.php?rest_route=\/wp\/v2\/media\/83916"}],"wp:attachment":[{"href":"https:\/\/zonaroja.com.mx\/index.php?rest_route=%2Fwp%2Fv2%2Fmedia&parent=83919"}],"wp:term":[{"taxonomy":"category","embeddable":true,"href":"https:\/\/zonaroja.com.mx\/index.php?rest_route=%2Fwp%2Fv2%2Fcategories&post=83919"},{"taxonomy":"post_tag","embeddable":true,"href":"https:\/\/zonaroja.com.mx\/index.php?rest_route=%2Fwp%2Fv2%2Ftags&post=83919"}],"curies":[{"name":"wp","href":"https:\/\/api.w.org\/{rel}","templated":true}]}}