{"id":83921,"date":"2025-08-26T07:15:00","date_gmt":"2025-08-26T13:15:00","guid":{"rendered":"https:\/\/zonaroja.com.mx\/?p=83921"},"modified":"2025-08-26T06:37:11","modified_gmt":"2025-08-26T12:37:11","slug":"gobierno-de-xoxocotlan-inicia-mas-obras-en-colonias","status":"publish","type":"post","link":"https:\/\/zonaroja.com.mx\/?p=83921","title":{"rendered":"Gobierno de Xoxocotl\u00e1n inicia m\u00e1s obras en colonias"},"content":{"rendered":"\n<p>Redacci\u00f3n\/Zona Roja.<\/p>\n\n\n\n<p>Oaxaca, Oax., a 26 de agosto de 2025.- La presidenta municipal de Santa Cruz Xoxocotl\u00e1n, Nancy Ben\u00edtez Z\u00e1rate, dio el banderazo de inicio a nuevas obras de pavimentaci\u00f3n en las colonias Los Higos, El Mirador y Colinas de San Jos\u00e9, marcando un paso m\u00e1s hacia la mejora de la infraestructura urbana y la calidad de vida de las familias xoxe\u00f1as.<\/p>\n\n\n\n<p>En las colonias Los Higos y El Mirador se construir\u00e1 pavimento con concreto hidr\u00e1ulico, mientras que en Colinas de San Jos\u00e9 se implementar\u00e1 concreto a base de adoqu\u00edn, respondiendo a una demanda hist\u00f3rica que ahora se convierte en una realidad.<\/p>\n\n\n\n<p>Acompa\u00f1ada de integrantes del Cabildo Municipal, as\u00ed como representantes y habitantes de las colonias beneficiadas, la edil reconoci\u00f3 la importancia de estas obras para mejorar la movilidad, la conectividad y la seguridad de las familias.<\/p>\n\n\n\n<p>\u201cTambi\u00e9n tenemos el apoyo del Gobierno del Estado para las diferentes obras de todo el municipio. Hoy el recurso lo estamos poniendo al 50 y 50 con los Gobiernos estatal y federal. Lo importante es que les toque a todas las colonias\u201d, reiter\u00f3 la presidenta municipal.&nbsp;<\/p>\n\n\n\n<p>Las obras de pavimentaci\u00f3n, las cuales cuentan con la fuente de financiamiento del Fondo de Aportaciones para la Infraestructura Social Municipal (FAISUM), beneficiar\u00e1n directamente a m\u00e1s de 450 personas de las colonias Los Higos, El Mirador y Colinas de San Jos\u00e9.&nbsp;<\/p>\n","protected":false},"excerpt":{"rendered":"<p>Redacci\u00f3n\/Zona Roja. Oaxaca, Oax., a 26 de agosto de 2025.- La presidenta municipal de Santa&hellip;<\/p>\n","protected":false},"author":2,"featured_media":83925,"comment_status":"closed","ping_status":"open","sticky":false,"template":"","format":"standard","meta":{"_lmt_disableupdate":"","_lmt_disable":"","_jetpack_memberships_contains_paid_content":false,"footnotes":""},"categories":[109,46],"tags":[133],"class_list":["post-83921","post","type-post","status-publish","format-standard","has-post-thumbnail","hentry","category-minuto-a-minuto","category-zona-blanca","tag-santa-cruz-xoxocotlan"],"jetpack_featured_media_url":"https:\/\/zonaroja.com.mx\/wp-content\/uploads\/2025\/08\/Nancy-Benitez-inicia-nuevas-obras-de-pavimentacion-en-3-colonias-mas-de-Xoxocotlan-4.jpeg","jetpack_sharing_enabled":true,"_links":{"self":[{"href":"https:\/\/zonaroja.com.mx\/index.php?rest_route=\/wp\/v2\/posts\/83921","targetHints":{"allow":["GET"]}}],"collection":[{"href":"https:\/\/zonaroja.com.mx\/index.php?rest_route=\/wp\/v2\/posts"}],"about":[{"href":"https:\/\/zonaroja.com.mx\/index.php?rest_route=\/wp\/v2\/types\/post"}],"author":[{"embeddable":true,"href":"https:\/\/zonaroja.com.mx\/index.php?rest_route=\/wp\/v2\/users\/2"}],"replies":[{"embeddable":true,"href":"https:\/\/zonaroja.com.mx\/index.php?rest_route=%2Fwp%2Fv2%2Fcomments&post=83921"}],"version-history":[{"count":1,"href":"https:\/\/zonaroja.com.mx\/index.php?rest_route=\/wp\/v2\/posts\/83921\/revisions"}],"predecessor-version":[{"id":83926,"href":"https:\/\/zonaroja.com.mx\/index.php?rest_route=\/wp\/v2\/posts\/83921\/revisions\/83926"}],"wp:featuredmedia":[{"embeddable":true,"href":"https:\/\/zonaroja.com.mx\/index.php?rest_route=\/wp\/v2\/media\/83925"}],"wp:attachment":[{"href":"https:\/\/zonaroja.com.mx\/index.php?rest_route=%2Fwp%2Fv2%2Fmedia&parent=83921"}],"wp:term":[{"taxonomy":"category","embeddable":true,"href":"https:\/\/zonaroja.com.mx\/index.php?rest_route=%2Fwp%2Fv2%2Fcategories&post=83921"},{"taxonomy":"post_tag","embeddable":true,"href":"https:\/\/zonaroja.com.mx\/index.php?rest_route=%2Fwp%2Fv2%2Ftags&post=83921"}],"curies":[{"name":"wp","href":"https:\/\/api.w.org\/{rel}","templated":true}]}}