{"id":83927,"date":"2025-08-26T08:15:00","date_gmt":"2025-08-26T14:15:00","guid":{"rendered":"https:\/\/zonaroja.com.mx\/?p=83927"},"modified":"2025-08-26T06:50:03","modified_gmt":"2025-08-26T12:50:03","slug":"enesimo-ejecutado-a-balazos-en-tehuantepec-oaxaca","status":"publish","type":"post","link":"https:\/\/zonaroja.com.mx\/?p=83927","title":{"rendered":"En\u00e9simo ejecutado a balazos en Tehuantepec, Oaxaca"},"content":{"rendered":"\n<p>Raymundo Morales\/Zona Roja. Foto: ADN Sureste.<\/p>\n\n\n\n<p>Oaxaca, Oax., a 26 de agosto de 2025.- La ola criminal no cesa en Santo Domingo Tehuantepec y anoche otra persona fue ejecutada a balazos.<\/p>\n\n\n\n<p>El cuerpo fue localizado en un camino de terracer\u00eda que conduce a la Flor de Azalea, con impactos de arma de fuego en la cabeza; hasta esta ma\u00f1ana no ha sido identificado legalmente.<\/p>\n\n\n\n<p>Personal policiaco de los tres \u00f3rdenes de gobierno lleg\u00f3 a la zona para acordonar, mientras peritos y agentes de investigaci\u00f3n de la Vicefiscal\u00eda Regional del Istmo efectuaron las primeras diligencias.<\/p>\n\n\n\n<p>Hasta el momento se desconoce qui\u00e9n o qui\u00e9nes habr\u00edan ultimado al individuo, as\u00ed como las causas que originaron el crimen.<\/p>\n\n\n\n<p>En el trienio anterior, que encabez\u00f3 Vilma Mart\u00ednez Cort\u00e9s, actual secretaria de Bienestar del gobierno estatal, y en el de Ana Cecilia P\u00e9rez, ambas del Partido Morena, la ola de violencia se ha incrementado sin que, por parte de la autoridad ministerial, se tomen las medidas preventivas correspondientes.<\/p>\n","protected":false},"excerpt":{"rendered":"<p>Raymundo Morales\/Zona Roja. Foto: ADN Sureste. Oaxaca, Oax., a 26 de agosto de 2025.- La&hellip;<\/p>\n","protected":false},"author":2,"featured_media":83923,"comment_status":"closed","ping_status":"open","sticky":false,"template":"","format":"standard","meta":{"_lmt_disableupdate":"","_lmt_disable":"","_jetpack_memberships_contains_paid_content":false,"footnotes":""},"categories":[109,51],"tags":[533],"class_list":["post-83927","post","type-post","status-publish","format-standard","has-post-thumbnail","hentry","category-minuto-a-minuto","category-zona-roja","tag-asesinado-en-tehuantepec"],"jetpack_featured_media_url":"https:\/\/zonaroja.com.mx\/wp-content\/uploads\/2025\/08\/Ejecutado-Santo-Domingo-Tehuantepec.jpeg","jetpack_sharing_enabled":true,"_links":{"self":[{"href":"https:\/\/zonaroja.com.mx\/index.php?rest_route=\/wp\/v2\/posts\/83927","targetHints":{"allow":["GET"]}}],"collection":[{"href":"https:\/\/zonaroja.com.mx\/index.php?rest_route=\/wp\/v2\/posts"}],"about":[{"href":"https:\/\/zonaroja.com.mx\/index.php?rest_route=\/wp\/v2\/types\/post"}],"author":[{"embeddable":true,"href":"https:\/\/zonaroja.com.mx\/index.php?rest_route=\/wp\/v2\/users\/2"}],"replies":[{"embeddable":true,"href":"https:\/\/zonaroja.com.mx\/index.php?rest_route=%2Fwp%2Fv2%2Fcomments&post=83927"}],"version-history":[{"count":1,"href":"https:\/\/zonaroja.com.mx\/index.php?rest_route=\/wp\/v2\/posts\/83927\/revisions"}],"predecessor-version":[{"id":83928,"href":"https:\/\/zonaroja.com.mx\/index.php?rest_route=\/wp\/v2\/posts\/83927\/revisions\/83928"}],"wp:featuredmedia":[{"embeddable":true,"href":"https:\/\/zonaroja.com.mx\/index.php?rest_route=\/wp\/v2\/media\/83923"}],"wp:attachment":[{"href":"https:\/\/zonaroja.com.mx\/index.php?rest_route=%2Fwp%2Fv2%2Fmedia&parent=83927"}],"wp:term":[{"taxonomy":"category","embeddable":true,"href":"https:\/\/zonaroja.com.mx\/index.php?rest_route=%2Fwp%2Fv2%2Fcategories&post=83927"},{"taxonomy":"post_tag","embeddable":true,"href":"https:\/\/zonaroja.com.mx\/index.php?rest_route=%2Fwp%2Fv2%2Ftags&post=83927"}],"curies":[{"name":"wp","href":"https:\/\/api.w.org\/{rel}","templated":true}]}}