{"id":83929,"date":"2025-08-26T09:15:00","date_gmt":"2025-08-26T15:15:00","guid":{"rendered":"https:\/\/zonaroja.com.mx\/?p=83929"},"modified":"2025-08-26T06:55:39","modified_gmt":"2025-08-26T12:55:39","slug":"recula-rector-con-facultad-de-medicina-tehuantepec-pero-insiste-en-sede-juchitan","status":"publish","type":"post","link":"https:\/\/zonaroja.com.mx\/?p=83929","title":{"rendered":"Recula rector con Facultad de Medicina Tehuantepec\u2026 pero insiste en sede Juchit\u00e1n"},"content":{"rendered":"\n<p>Lisbeth Mej\u00eda Reyes\/Zona Roja.<\/p>\n\n\n\n<p>Oaxaca, Oax., a 26 de agosto de 2025.- Despu\u00e9s de la inconformidad de padres de familia, estudiantes y empleados sindicalizados, el rector de la Universidad Aut\u00f3noma \u201cBenito Ju\u00e1rez\u201d de Oaxaca (UABJO), Cristian \u00c9der Carre\u00f1o, reconsider\u00f3 el traslado de la Facultad de Medicina y Cirug\u00eda de Santo Domingo Tehuantepec a Juchit\u00e1n de Zaragoza.&nbsp;<\/p>\n\n\n\n<p>Sin embargo, se mantienen las dudas de su permanencia en Tehuantepec o su traslado a Juchit\u00e1n, pues de acuerdo con la autoridad municipal de esta \u00faltima ciudad contin\u00faa la rehabilitaci\u00f3n del inmueble que ser\u00e1 sede de este proyecto: el otrora Centro de Movilidad Migratoria.<\/p>\n\n\n\n<p>La facultad \u00abcontinuar\u00e1 en Santo Domingo Tehuantepec\u00bb, inform\u00f3 el rector este 25 de agosto en un comunicado conjunto con el ayuntamiento de Tehuantepec. Esto ante las protestas que emprendieron ayer lunes empleados del Sindicato de Trabajadores y Empleados de la UABJO (STEUABJO) en las instalaciones de la Preparatoria n\u00famero 4 y otros planteles, como Idiomas y Enfermer\u00eda.&nbsp;<\/p>\n\n\n\n<p>No obstante, se\u00f1al\u00f3 que debido a la necesidad de adecuar espacios por la creciente demanda, el primer a\u00f1o de estudios ser\u00e1 en esta facultad de Tehuantepec y el segundo, de manera provisional, se tendr\u00e1 que cursar en la ciudad de Oaxaca para que el alumnado que as\u00ed lo requiere pueda hacer sus pr\u00e1cticas de laboratorio.<\/p>\n\n\n\n<p>Ese cambio \u00abprovisional\u00bb, dijo, dar\u00e1 tiempo a los trabajos de expansi\u00f3n y habilitaci\u00f3n de los nuevos espacios que se realizar\u00e1n.<\/p>\n\n\n\n<figure class=\"wp-block-image size-full\"><img decoding=\"async\" width=\"900\" height=\"600\" src=\"https:\/\/zonaroja.com.mx\/wp-content\/uploads\/2025\/08\/Facultad-de-Medicina-UABJO-Juchitan.jpg\" alt=\"\" class=\"wp-image-83930\" srcset=\"https:\/\/zonaroja.com.mx\/wp-content\/uploads\/2025\/08\/Facultad-de-Medicina-UABJO-Juchitan.jpg 900w, https:\/\/zonaroja.com.mx\/wp-content\/uploads\/2025\/08\/Facultad-de-Medicina-UABJO-Juchitan-300x200.jpg 300w, https:\/\/zonaroja.com.mx\/wp-content\/uploads\/2025\/08\/Facultad-de-Medicina-UABJO-Juchitan-768x512.jpg 768w, https:\/\/zonaroja.com.mx\/wp-content\/uploads\/2025\/08\/Facultad-de-Medicina-UABJO-Juchitan-585x390.jpg 585w, https:\/\/zonaroja.com.mx\/wp-content\/uploads\/2025\/08\/Facultad-de-Medicina-UABJO-Juchitan-263x175.jpg 263w\" sizes=\"(max-width: 900px) 100vw, 900px\" \/><\/figure>\n\n\n\n<p>LA PROTESTA<\/p>\n\n\n\n<p>Por la ma\u00f1ana, un grupo de sindicalizados se manifest\u00f3 en las instalaciones de la preparatoria 4 de Tehuantepec en contra del cambio hacia Juchit\u00e1n. La manifestaci\u00f3n se dio a unas horas de que el rector rindiera su tercer informe de actividades y a solo unos meses de \u00faltimo conflicto en la Facultad de Derecho y Ciencias Sociales en la ciudad de Oaxaca.<\/p>\n\n\n\n<p>Hasta principios de agosto, seg\u00fan el acuerdo con la autoridad de Juchit\u00e1n de Zaragoza, el plan era trasladar la Facultad de Tehuantepec a ese municipio.<\/p>\n\n\n\n<p>Con fecha 2 de agosto, la UABJO anunci\u00f3 la apertura de la Facultad de Medicina y Cirug\u00eda en Juchit\u00e1n.&nbsp;<\/p>\n\n\n\n<p>\u00abEs un paso monumental para la UABJO y para el Istmo\u00bb, se\u00f1al\u00f3 el rector en ese entonces, tras un recorrido con Emilio Montero P\u00e9rez, titular del Instituto Estatal de Educaci\u00f3n P\u00fablica de Oaxaca (IEEPO); Miguel S\u00e1nchez Altamirano, presidente municipal de Juchit\u00e1n, y Gema Hern\u00e1ndez Bernardino, directora de la Facultad de Medicina.<\/p>\n\n\n\n<p>Este lunes, luego del comunicado de la UABJO y de la presidencia de Tehuantepec, el ayuntamiento de Juchit\u00e1n inform\u00f3 de la supervisi\u00f3n a la nueva sede de la Facultad de Medicina y Cirug\u00eda.<\/p>\n\n\n\n<p>\u00abYa se habilitan las primeras cuatro aulas, mientras la nueva fachada del acceso principal avanza en su construcci\u00f3n. El espacio comienza a tomar identidad con los colores institucionales de la universidad; se instalan canceler\u00edas, puertas y ventanas en los cub\u00edculos destinados a laboratorios; y, al mismo tiempo, se recuperan \u00e1reas verdes, guarniciones y alumbrado, dando vida y funcionalidad a cada rinc\u00f3n del lugar\u00bb, se\u00f1al\u00f3 el ayuntamiento de Juchit\u00e1n.<\/p>\n","protected":false},"excerpt":{"rendered":"<p>Lisbeth Mej\u00eda Reyes\/Zona Roja. Oaxaca, Oax., a 26 de agosto de 2025.- Despu\u00e9s de la&hellip;<\/p>\n","protected":false},"author":2,"featured_media":83931,"comment_status":"closed","ping_status":"open","sticky":false,"template":"","format":"standard","meta":{"_lmt_disableupdate":"","_lmt_disable":"","_jetpack_memberships_contains_paid_content":false,"footnotes":""},"categories":[109,47],"tags":[4423],"class_list":["post-83929","post","type-post","status-publish","format-standard","has-post-thumbnail","hentry","category-minuto-a-minuto","category-zona-gris","tag-facultad-de-medicina-tehuantepec"],"jetpack_featured_media_url":"https:\/\/zonaroja.com.mx\/wp-content\/uploads\/2025\/08\/Protesta-Tehuantepec-facultad-de-Medicina-Juchitan.jpg","jetpack_sharing_enabled":true,"_links":{"self":[{"href":"https:\/\/zonaroja.com.mx\/index.php?rest_route=\/wp\/v2\/posts\/83929","targetHints":{"allow":["GET"]}}],"collection":[{"href":"https:\/\/zonaroja.com.mx\/index.php?rest_route=\/wp\/v2\/posts"}],"about":[{"href":"https:\/\/zonaroja.com.mx\/index.php?rest_route=\/wp\/v2\/types\/post"}],"author":[{"embeddable":true,"href":"https:\/\/zonaroja.com.mx\/index.php?rest_route=\/wp\/v2\/users\/2"}],"replies":[{"embeddable":true,"href":"https:\/\/zonaroja.com.mx\/index.php?rest_route=%2Fwp%2Fv2%2Fcomments&post=83929"}],"version-history":[{"count":1,"href":"https:\/\/zonaroja.com.mx\/index.php?rest_route=\/wp\/v2\/posts\/83929\/revisions"}],"predecessor-version":[{"id":83932,"href":"https:\/\/zonaroja.com.mx\/index.php?rest_route=\/wp\/v2\/posts\/83929\/revisions\/83932"}],"wp:featuredmedia":[{"embeddable":true,"href":"https:\/\/zonaroja.com.mx\/index.php?rest_route=\/wp\/v2\/media\/83931"}],"wp:attachment":[{"href":"https:\/\/zonaroja.com.mx\/index.php?rest_route=%2Fwp%2Fv2%2Fmedia&parent=83929"}],"wp:term":[{"taxonomy":"category","embeddable":true,"href":"https:\/\/zonaroja.com.mx\/index.php?rest_route=%2Fwp%2Fv2%2Fcategories&post=83929"},{"taxonomy":"post_tag","embeddable":true,"href":"https:\/\/zonaroja.com.mx\/index.php?rest_route=%2Fwp%2Fv2%2Ftags&post=83929"}],"curies":[{"name":"wp","href":"https:\/\/api.w.org\/{rel}","templated":true}]}}