{"id":83933,"date":"2025-08-26T10:15:00","date_gmt":"2025-08-26T16:15:00","guid":{"rendered":"https:\/\/zonaroja.com.mx\/?p=83933"},"modified":"2025-08-26T06:59:44","modified_gmt":"2025-08-26T12:59:44","slug":"confiesa-el-mayo-pague-sobornos-a-policias-y-politicos-mexicanos","status":"publish","type":"post","link":"https:\/\/zonaroja.com.mx\/?p=83933","title":{"rendered":"Confiesa \u201cEl Mayo\u201d: Pagu\u00e9 sobornos a polic\u00edas y pol\u00edticos mexicanos"},"content":{"rendered":"\n<p>Redacci\u00f3n\/Zona Roja Cdmx.<\/p>\n\n\n\n<p>Ciudad de M\u00e9xico, a 26 de agosto de 2025.- Al declararse culpable de cargos por crimen organizado en su audiencia en la Corte de Distrito Este, en Brooklyn, Nueva York, el l\u00edder del C\u00e1rtel de Sinaloa, Ismael \u2018El Mayo\u2019 Zambada confes\u00f3 haber entregado sobornos a polic\u00edas, militares y pol\u00edticos mexicanos.<\/p>\n\n\n\n<p>De acuerdo con el periodista Arturo \u00c1ngel, el capo reconoci\u00f3 que desde que fund\u00f3 el grupo criminal hasta su ca\u00edda, soborn\u00f3 a distintos personajes involucrados en la vida p\u00fablica del pa\u00eds.<\/p>\n\n\n\n<p>\u201cDurante 50 a\u00f1os he dirigido una gran red criminal. Desde el principio y hasta el momento de mi captura he pagado sobornos a polic\u00edas, militares y pol\u00edticos en M\u00e9xico\u201d, habr\u00eda dicho ante el juez Brian Cogan.<\/p>\n\n\n\n<p>Su abogado Frank P\u00e9rez, declar\u00f3 despu\u00e9s de la audiencia que la informaci\u00f3n que proporcion\u00f3 \u2018El Mayo\u2019 ya la tiene el gobierno estadounidense a partir de otros juicios que se han hecho.<\/p>\n\n\n\n<p>\u201cLa informaci\u00f3n que tiene \u2018El Mayo\u2019 Zambada, se queda con \u2018El Mayo\u2019 Zambada\u201d, recalc\u00f3.<\/p>\n\n\n\n<p>\u201c\u00bfO sea que ya ha confesado todo?\u201c, le pregunt\u00f3 un reportero.<\/p>\n\n\n\n<p>\u201cNo, no, no. \u00c9l no ha hablado\u201d, respondi\u00f3 P\u00e9rez.<\/p>\n\n\n\n<p>Zambada se declar\u00f3 culpable de conspiraci\u00f3n de crimen organizado y de dirigir una empresa criminal.<\/p>\n\n\n\n<p>La audiencia de sentencia del \u2018Mayo\u2019 fue programada para el 13 de enero de 2026, en la que enfrenta una pena de cadena perpetua.<\/p>\n\n\n\n<p>Adem\u00e1s, recibi\u00f3 una sanci\u00f3n econ\u00f3mica de 15 mil millones de d\u00f3lares.<\/p>\n\n\n\n<p>Hace unas semanas, el Departamento de Justicia de Estados Unidos, a cargo de la fiscal Pam Bondi, pidi\u00f3 no aplicar la pena de muerte al narcotraficante.<\/p>\n\n\n\n<p>\u00bfSOLTAR\u00c1 NOMBRES?<\/p>\n\n\n\n<p>A pesar de las expectativas que hay en torno al caso, Frank P\u00e9rez neg\u00f3 que haya un acuerdo de cooperaci\u00f3n con autoridades de EUA para que Zambada se convierta en testigo colaborador.<\/p>\n\n\n\n<p>\u201cEl se\u00f1or no est\u00e1 cooperando. No va a cooperar para nada. Ya nos dieron la sentencia\u201d, aclar\u00f3.<\/p>\n\n\n\n<p>En esa l\u00ednea, la defensa del \u2018Mayo\u2019 enfatiz\u00f3 en que su cliente no dar\u00e1 nombres de pol\u00edticos.<\/p>\n\n\n\n<p>\u201c\u00c9l no va a hablar de nadie\u201d, remarc\u00f3.<\/p>\n\n\n\n<p>(Informaci\u00f3n de Pol\u00edtico.Mx)<\/p>\n","protected":false},"excerpt":{"rendered":"<p>Redacci\u00f3n\/Zona Roja Cdmx. Ciudad de M\u00e9xico, a 26 de agosto de 2025.- Al declararse culpable&hellip;<\/p>\n","protected":false},"author":2,"featured_media":70770,"comment_status":"closed","ping_status":"open","sticky":false,"template":"","format":"standard","meta":{"_lmt_disableupdate":"","_lmt_disable":"","_jetpack_memberships_contains_paid_content":false,"footnotes":""},"categories":[109,47],"tags":[3847],"class_list":["post-83933","post","type-post","status-publish","format-standard","has-post-thumbnail","hentry","category-minuto-a-minuto","category-zona-gris","tag-ismael-el-mayo-zambada"],"jetpack_featured_media_url":"https:\/\/zonaroja.com.mx\/wp-content\/uploads\/2024\/07\/Ismael-mayo-Zambada.tiff","jetpack_sharing_enabled":true,"_links":{"self":[{"href":"https:\/\/zonaroja.com.mx\/index.php?rest_route=\/wp\/v2\/posts\/83933","targetHints":{"allow":["GET"]}}],"collection":[{"href":"https:\/\/zonaroja.com.mx\/index.php?rest_route=\/wp\/v2\/posts"}],"about":[{"href":"https:\/\/zonaroja.com.mx\/index.php?rest_route=\/wp\/v2\/types\/post"}],"author":[{"embeddable":true,"href":"https:\/\/zonaroja.com.mx\/index.php?rest_route=\/wp\/v2\/users\/2"}],"replies":[{"embeddable":true,"href":"https:\/\/zonaroja.com.mx\/index.php?rest_route=%2Fwp%2Fv2%2Fcomments&post=83933"}],"version-history":[{"count":1,"href":"https:\/\/zonaroja.com.mx\/index.php?rest_route=\/wp\/v2\/posts\/83933\/revisions"}],"predecessor-version":[{"id":83934,"href":"https:\/\/zonaroja.com.mx\/index.php?rest_route=\/wp\/v2\/posts\/83933\/revisions\/83934"}],"wp:featuredmedia":[{"embeddable":true,"href":"https:\/\/zonaroja.com.mx\/index.php?rest_route=\/wp\/v2\/media\/70770"}],"wp:attachment":[{"href":"https:\/\/zonaroja.com.mx\/index.php?rest_route=%2Fwp%2Fv2%2Fmedia&parent=83933"}],"wp:term":[{"taxonomy":"category","embeddable":true,"href":"https:\/\/zonaroja.com.mx\/index.php?rest_route=%2Fwp%2Fv2%2Fcategories&post=83933"},{"taxonomy":"post_tag","embeddable":true,"href":"https:\/\/zonaroja.com.mx\/index.php?rest_route=%2Fwp%2Fv2%2Ftags&post=83933"}],"curies":[{"name":"wp","href":"https:\/\/api.w.org\/{rel}","templated":true}]}}