{"id":83935,"date":"2025-08-26T11:15:00","date_gmt":"2025-08-26T17:15:00","guid":{"rendered":"https:\/\/zonaroja.com.mx\/?p=83935"},"modified":"2025-08-26T07:26:13","modified_gmt":"2025-08-26T13:26:13","slug":"con-finanzas-sanas-y-sin-deudas-oaxaca-reduce-brecha-de-desigualdad","status":"publish","type":"post","link":"https:\/\/zonaroja.com.mx\/?p=83935","title":{"rendered":"Con finanzas sanas y sin deudas, Oaxaca reduce brecha de desigualdad"},"content":{"rendered":"\n<p>Redacci\u00f3n\/Zona Roja.<\/p>\n\n\n\n<p>Oaxaca, Oax., a 26 de agosto de 2025. El gobernador Salom\u00f3n Jara Cruz asever\u00f3 que el manejo eficiente y responsable de las finanzas p\u00fablicas ha permitido la reducci\u00f3n de la pobreza, registrada en el \u00faltimo reporte del Instituto Nacional de Estad\u00edstica y Geograf\u00eda (Inegi).<\/p>\n\n\n\n<p>Al encabezar la conferencia de prensa en Palacio de Gobierno, el mandatario estatal destac\u00f3 que la pol\u00edtica de austeridad impulsada en su administraci\u00f3n, ha dado oportunidad de incrementar la inversi\u00f3n en programas sociales y emprender obras sociales, sin adquirir deuda p\u00fablica.<\/p>\n\n\n\n<p>\u201cGracias a este manejo impecable hemos podido destinar montos hist\u00f3ricos a la inversi\u00f3n social y a las obras de infraestructura que hemos o estamos construyendo en todos los municipios del estado\u201d, expres\u00f3.<\/p>\n\n\n\n<p>En su oportunidad, el titular de la Secretar\u00eda de Finanzas (Sefin), Farid Acevedo L\u00f3pez, destac\u00f3 que Oaxaca es uno de los estados con mayor crecimiento econ\u00f3mico en el sureste del pa\u00eds, cuya inversi\u00f3n de 2023 a 2025, ha alcanzado un m\u00e1ximo hist\u00f3rico de nueve mil 688 millones en 2024 y ocho mil 209 millones hasta la fecha.<\/p>\n\n\n\n<p>De esta manera, destac\u00f3 la inversi\u00f3n de m\u00e1s de dos mil 700 millones de pesos en: servicios para la modernizaci\u00f3n del sistema integral de transporte p\u00fablico BinniBus; la construcci\u00f3n del Centro de Comando, Control, C\u00f3mputo, Comunicaciones, Contacto Ciudadano e Inteligencia (C5I) en el municipio de Oaxaca de Ju\u00e1rez.<\/p>\n\n\n\n<p>Adem\u00e1s, la ampliaci\u00f3n de la infraestructura urbana y vialidades de los m\u00e1rgenes del r\u00edo Atoyac, la construcci\u00f3n del parque \u201cPrimavera Cho&nbsp;Ndob\u00e1\u201d; el Centro Integral de Revalorizaci\u00f3n de Residuos S\u00f3lidos Urbanos (CIRRSU) y la rehabilitaci\u00f3n e intervenci\u00f3n de museos, por mencionar algunos.<\/p>\n\n\n\n<p>Tambi\u00e9n de 2023 a la fecha, se ha incrementado la aportaci\u00f3n estatal destinada a los programas sociales y, con el apoyo del Gobierno Federal, en este 2025, se han canalizado cuatro mil 491 millones de pesos para beneficiar a las y los oaxaque\u00f1os de las ocho regiones.<\/p>\n\n\n\n<p>El modelo austero, honesto y transparente que distingue a esta administraci\u00f3n ha logrado la reducci\u00f3n de los gastos personales y el saneamiento de la deuda con instituciones financieras y dependencias federales, que ha reducido 4.74 por ciento, al pasar de 17 mil 133 millones heredados de administraciones pasadas a 16 mil 321 millones de pesos.<\/p>\n\n\n\n<p>Tambi\u00e9n se cubri\u00f3 un cr\u00e9dito fiscal de mil 253 millones 132 mil pesos y por adeudo con el ISSSTE y Fovissste se han pagado m\u00e1s de mil 963 millones 908 mil pesos.<\/p>\n\n\n\n<p>De esta manera, Farid Acevedo L\u00f3pez expres\u00f3 que derivado de la contenci\u00f3n del gasto y el incremento de la recaudaci\u00f3n, actualmente se han mejorado las evaluaciones de las calificadoras Standars &amp; Poor\u00b4s; HR Ratings, Fitch Ratings y Moody\u00b4s Local.<\/p>\n","protected":false},"excerpt":{"rendered":"<p>Redacci\u00f3n\/Zona Roja. Oaxaca, Oax., a 26 de agosto de 2025. El gobernador Salom\u00f3n Jara Cruz&hellip;<\/p>\n","protected":false},"author":2,"featured_media":83936,"comment_status":"closed","ping_status":"open","sticky":false,"template":"","format":"standard","meta":{"_lmt_disableupdate":"","_lmt_disable":"","_jetpack_memberships_contains_paid_content":false,"footnotes":""},"categories":[109,46],"tags":[3507,2346],"class_list":["post-83935","post","type-post","status-publish","format-standard","has-post-thumbnail","hentry","category-minuto-a-minuto","category-zona-blanca","tag-farid-acevedo-lopez","tag-secretaria-de-finanzas-gobierno-de-oaxaca"],"jetpack_featured_media_url":"https:\/\/zonaroja.com.mx\/wp-content\/uploads\/2025\/08\/Conferencia-Salomon-Jara-secretario-de-Finanzas-Farid-Acevedo.jpeg","jetpack_sharing_enabled":true,"_links":{"self":[{"href":"https:\/\/zonaroja.com.mx\/index.php?rest_route=\/wp\/v2\/posts\/83935","targetHints":{"allow":["GET"]}}],"collection":[{"href":"https:\/\/zonaroja.com.mx\/index.php?rest_route=\/wp\/v2\/posts"}],"about":[{"href":"https:\/\/zonaroja.com.mx\/index.php?rest_route=\/wp\/v2\/types\/post"}],"author":[{"embeddable":true,"href":"https:\/\/zonaroja.com.mx\/index.php?rest_route=\/wp\/v2\/users\/2"}],"replies":[{"embeddable":true,"href":"https:\/\/zonaroja.com.mx\/index.php?rest_route=%2Fwp%2Fv2%2Fcomments&post=83935"}],"version-history":[{"count":1,"href":"https:\/\/zonaroja.com.mx\/index.php?rest_route=\/wp\/v2\/posts\/83935\/revisions"}],"predecessor-version":[{"id":83937,"href":"https:\/\/zonaroja.com.mx\/index.php?rest_route=\/wp\/v2\/posts\/83935\/revisions\/83937"}],"wp:featuredmedia":[{"embeddable":true,"href":"https:\/\/zonaroja.com.mx\/index.php?rest_route=\/wp\/v2\/media\/83936"}],"wp:attachment":[{"href":"https:\/\/zonaroja.com.mx\/index.php?rest_route=%2Fwp%2Fv2%2Fmedia&parent=83935"}],"wp:term":[{"taxonomy":"category","embeddable":true,"href":"https:\/\/zonaroja.com.mx\/index.php?rest_route=%2Fwp%2Fv2%2Fcategories&post=83935"},{"taxonomy":"post_tag","embeddable":true,"href":"https:\/\/zonaroja.com.mx\/index.php?rest_route=%2Fwp%2Fv2%2Ftags&post=83935"}],"curies":[{"name":"wp","href":"https:\/\/api.w.org\/{rel}","templated":true}]}}