{"id":83938,"date":"2025-08-26T10:28:00","date_gmt":"2025-08-26T16:28:00","guid":{"rendered":"https:\/\/zonaroja.com.mx\/?p=83938"},"modified":"2025-08-26T07:31:24","modified_gmt":"2025-08-26T13:31:24","slug":"en-nuevo-ataque-de-israel-a-gaza-mueren-cinco-periodistas","status":"publish","type":"post","link":"https:\/\/zonaroja.com.mx\/?p=83938","title":{"rendered":"En nuevo ataque de Israel a Gaza, mueren cinco periodistas\u00a0"},"content":{"rendered":"\n<p>Redacci\u00f3n\/Zona Roja Cdmx.<\/p>\n\n\n\n<p>Ciudad de M\u00e9xico, a 26 de agosto de 2025.- Cinco periodistas, entre ellos colaboradores de medios internacionales, murieron el lunes en un ataque israel\u00ed contra un hospital en el sur de la Franja de Gaza, donde fallecieron en total 20 personas, seg\u00fan la Defensa Civil del territorio palestino.<\/p>\n\n\n\n<p>El portavoz de la organizaci\u00f3n de rescatistas, Mahmud Basal, report\u00f3 que 20 personas murieron en el ataque al Hospital Nasser en Jan Yunis (sur de la franja), entre ellos \u00abcinco periodistas y un miembro de la Defensa Civil\u00bb. Entre los reporteros abatidos hay colaboradores de las agencias de noticias The Associated Press y Reuters y de la cadena televisiva Al Jazeera.<\/p>\n\n\n\n<p>El hospital, uno de los \u00faltimos centros sanitarios que sigue parcialmente operativos en la Franja de Gaza, ha sido blanco del fuego israel\u00ed en varias ocasiones desde el inicio de la guerra en Gaza, desencadenada por el ataque sin precedentes de Hamas contra Israel el 7 de octubre de 2023.<\/p>\n\n\n\n<p>Antes del anuncio de estas muertes, el Comit\u00e9 para la Protecci\u00f3n de los Periodistas (CPJ) y Reporteros sin Fronteras (RSF) hab\u00eda reportado cerca de 200 periodistas muertos desde el inicio del conflicto b\u00e9lico.<\/p>\n\n\n\n<p>El ej\u00e9rcito israel\u00ed indic\u00f3 que hab\u00eda efectuado \u00abun ataque en la zona del hospital Nasser\u00bb y agreg\u00f3 que \u00ablamenta cualquier da\u00f1o causado a personas no involucradas y que no tiene como objetivo a los periodistas en cuanto tales\u00bb.<\/p>\n\n\n\n<p>La fuerza armada agreg\u00f3 que \u00abel jefe del Estado Mayor orden\u00f3 que se realizara una investigaci\u00f3n preliminar lo antes posible\u00bb.<\/p>\n\n\n\n<p>Seg\u00fan Basal, el primer ataque fue perpetrado con un dron explosivo, y luego hubo un bombardeo cuando los heridos estaban siendo evacuados.<\/p>\n\n\n\n<p>La cadena internacional Al Jazeera, con sede en Catar, dijo que uno de sus fotoperiodistas, el camar\u00f3grafo Mohamed Salama, muri\u00f3 en el ataque.<\/p>\n\n\n\n<p>La cadena conden\u00f3, \u00aben los t\u00e9rminos m\u00e1s en\u00e9rgicos posibles, este horrible crimen cometido por las fuerzas de ocupaci\u00f3n israel\u00edes, que han atacado directamente y asesinado a periodistas como parte de una campa\u00f1a sistem\u00e1tica para silenciar la verdad\u00bb.<\/p>\n\n\n\n<p>Hace dos semanas cuatro reporteros y dos colaboradores de Al Jazeera murieron en un ataque dirigido de las fuerzas israel\u00edes, que acusaron a uno de ellos de ser supuestamente un miembro activo del movimiento islamista palestino Hamas.<\/p>\n\n\n\n<p>Por su parte, la agencia de noticias canadiense-brit\u00e1nica Reuters confirm\u00f3 la muerte de uno de sus periodistas y dijo que otro result\u00f3 herido.<\/p>\n\n\n\n<p>\u00abEstamos consternados por la muerte del colaborador de Reuters Husam al Masri y las lesiones sufridas por otro de nuestros colaboradores, Hatem Jaled\u00bb, declar\u00f3 un portavoz de la agencia.<\/p>\n\n\n\n<p>\u00abEstamos buscando urgentemente m\u00e1s informaci\u00f3n y hemos pedido a las autoridades en Gaza e Israel que nos ayuden a obtener ayuda m\u00e9dica urgente para Hatem,\u00bb a\u00f1adi\u00f3 el portavoz en un comunicado.<\/p>\n\n\n\n<p>CONMOCIONA CRIMEN<\/p>\n\n\n\n<p>Por otro lado, la agencia estadunidense The Associated Press (AP) se dijo \u00abconmocionada y entristecida\u00bb por el deceso de Mariam Dagga, de 33 a\u00f1os, una periodista visual que colaboraba con ellos desde el inicio de la guerra.<\/p>\n\n\n\n<p>El sindicato de periodistas palestinos identific\u00f3 a los otros dos periodistas fallecidos como Moaz Abu Taha y Ahmad Abu Aziz.<\/p>\n\n\n\n<p>Seg\u00fan un periodista de AFP en Gaza, Moaz Abu Taha trabajaba para medios de comunicaci\u00f3n palestinos e internacionales.<\/p>\n\n\n\n<p>La Asociaci\u00f3n de la Prensa Extranjera, por su parte, exigi\u00f3 al ej\u00e9rcito y al gobierno israel\u00ed una \u00abexplicaci\u00f3n inmediata\u00bb sobre los ataques y les pidi\u00f3 \u00abque cese de una vez por todas su abominable pr\u00e1ctica de atacar a periodistas\u00bb.<\/p>\n\n\n\n<p>Dadas las restricciones impuestas por Israel a los medios de comunicaci\u00f3n en Gaza y las dificultades de acceso sobre el terreno, AFP no puede verificar de forma independiente los balances y las afirmaciones de la Defensa Civil o del ej\u00e9rcito israel\u00ed.<\/p>\n\n\n\n<p>El portavoz de la Defensa Civil tambi\u00e9n mencion\u00f3 la muerte de un trabajador sanitario en los ataques.<\/p>\n\n\n\n<p>Varias personas heridas, algunas cubiertas de sangre, eran atendidas en el hospital tras los ataques, seg\u00fan constat\u00f3 un fot\u00f3grafo de AFP.<\/p>\n\n\n\n<p>El ataque contra Israel que desencaden\u00f3 la guerra en Gaza caus\u00f3 la muerte de 1.219 personas, en su mayor\u00eda civiles, seg\u00fan un recuento basado en cifras oficiales.<\/p>\n\n\n\n<p>La ofensiva israel\u00ed en la Franja ha dejado al menos 62.744 palestinos, sobre todo civiles, seg\u00fan cifras del Ministerio de Salud de Gaza, que la ONU considera fiables.<\/p>\n\n\n\n<p>(Informaci\u00f3n de \u201cLa Jornada\u201d)<\/p>\n","protected":false},"excerpt":{"rendered":"<p>Redacci\u00f3n\/Zona Roja Cdmx. Ciudad de M\u00e9xico, a 26 de agosto de 2025.- Cinco periodistas, entre&hellip;<\/p>\n","protected":false},"author":2,"featured_media":83939,"comment_status":"closed","ping_status":"open","sticky":false,"template":"","format":"standard","meta":{"_lmt_disableupdate":"","_lmt_disable":"","_jetpack_memberships_contains_paid_content":false,"footnotes":""},"categories":[109,47],"tags":[2668],"class_list":["post-83938","post","type-post","status-publish","format-standard","has-post-thumbnail","hentry","category-minuto-a-minuto","category-zona-gris","tag-conflicto-gaza-israel"],"jetpack_featured_media_url":"https:\/\/zonaroja.com.mx\/wp-content\/uploads\/2025\/08\/Matan-a-periodistas-Gaza-Israel.jpg","jetpack_sharing_enabled":true,"_links":{"self":[{"href":"https:\/\/zonaroja.com.mx\/index.php?rest_route=\/wp\/v2\/posts\/83938","targetHints":{"allow":["GET"]}}],"collection":[{"href":"https:\/\/zonaroja.com.mx\/index.php?rest_route=\/wp\/v2\/posts"}],"about":[{"href":"https:\/\/zonaroja.com.mx\/index.php?rest_route=\/wp\/v2\/types\/post"}],"author":[{"embeddable":true,"href":"https:\/\/zonaroja.com.mx\/index.php?rest_route=\/wp\/v2\/users\/2"}],"replies":[{"embeddable":true,"href":"https:\/\/zonaroja.com.mx\/index.php?rest_route=%2Fwp%2Fv2%2Fcomments&post=83938"}],"version-history":[{"count":1,"href":"https:\/\/zonaroja.com.mx\/index.php?rest_route=\/wp\/v2\/posts\/83938\/revisions"}],"predecessor-version":[{"id":83940,"href":"https:\/\/zonaroja.com.mx\/index.php?rest_route=\/wp\/v2\/posts\/83938\/revisions\/83940"}],"wp:featuredmedia":[{"embeddable":true,"href":"https:\/\/zonaroja.com.mx\/index.php?rest_route=\/wp\/v2\/media\/83939"}],"wp:attachment":[{"href":"https:\/\/zonaroja.com.mx\/index.php?rest_route=%2Fwp%2Fv2%2Fmedia&parent=83938"}],"wp:term":[{"taxonomy":"category","embeddable":true,"href":"https:\/\/zonaroja.com.mx\/index.php?rest_route=%2Fwp%2Fv2%2Fcategories&post=83938"},{"taxonomy":"post_tag","embeddable":true,"href":"https:\/\/zonaroja.com.mx\/index.php?rest_route=%2Fwp%2Fv2%2Ftags&post=83938"}],"curies":[{"name":"wp","href":"https:\/\/api.w.org\/{rel}","templated":true}]}}