{"id":83941,"date":"2025-08-26T12:15:00","date_gmt":"2025-08-26T18:15:00","guid":{"rendered":"https:\/\/zonaroja.com.mx\/?p=83941"},"modified":"2025-08-26T08:16:02","modified_gmt":"2025-08-26T14:16:02","slug":"anuncia-universidad-comunal-de-oaxaca-diplomado-sobre-paz-y-genero","status":"publish","type":"post","link":"https:\/\/zonaroja.com.mx\/?p=83941","title":{"rendered":"Anuncia Universidad Comunal de Oaxaca diplomado sobre paz y g\u00e9nero"},"content":{"rendered":"\n<p>Raymundo Morales\/Zona Roja.<\/p>\n\n\n\n<p>Oaxaca, Oax., a 26 de agosto de 2025.- Al anunciar el diplomado \u00abHerramientas te\u00f3rico-metodol\u00f3gicas para la construcci\u00f3n de una cultura de paz en espacios universitarios. G\u00e9nero y derechos para la igualdad y el buen trato\u201d, el rector de la Universidad Aut\u00f3noma Comunal de Oaxaca (UACO), Rigoberto V\u00e1squez Garc\u00eda, reiter\u00f3 la voluntad institucional por proteger y defender los derechos de la comunidad acad\u00e9mica, estudiantil y laboral.<\/p>\n\n\n\n<p>\u201cEs importante decir que la UACO est\u00e1 dando un paso muy importante en t\u00e9rminos de visibilizar su trabajo en cuanto a la construcci\u00f3n de di\u00e1logos de paz, proceso que plantea la igualdad en la relaci\u00f3n laboral, acad\u00e9mica, estudiantil\u201d, destac\u00f3.<\/p>\n\n\n\n<p>La actividad acad\u00e9mica fue dada a conocer este lunes con la participaci\u00f3n del Instituto de Ciencias de la Educaci\u00f3n de la UABJO; la asociaci\u00f3n civil Consorcio para el Di\u00e1logo y la asociaci\u00f3n Herramientas para el Buen Vivir.<\/p>\n\n\n\n<p>\u201cLa UACO tiene sus puertas abiertas, para seguir dialogando, para seguir construyendo estas relaciones de g\u00e9nero, que atraviesan muchos puntos, como la violencia estructurada, sistem\u00e1tica, generacional, pr\u00e1cticas conductuales que hemos tenido por muchos a\u00f1os\u2026 eso vamos a dialogar y ver que es una relaci\u00f3n horizontal que debemos construir juntos\u201d, destac\u00f3.&nbsp;<\/p>\n\n\n\n<p>En conferencia de prensa, se expuso que este diplomado se impulsa a trav\u00e9s del Comit\u00e9 de Igualdad de G\u00e9nero de la Universidad y surge como parte de una necesidad estrat\u00e9gica y de coherencia para generar procesos de atenci\u00f3n, prevenci\u00f3n y sanci\u00f3n de violencias en la educaci\u00f3n superior.&nbsp;<\/p>\n\n\n\n<p>En el caso de la UACO, se enmarca en los compromisos asumidos p\u00fablicamente por su Asamblea Acad\u00e9mica Universitaria, que el pasado 1 de agosto reafirm\u00f3 su postura de rechazo a toda forma de violencia laboral, simb\u00f3lica, verbal, psicol\u00f3gica, sexual o estructural, as\u00ed como su determinaci\u00f3n de fortalecer mecanismos de acompa\u00f1amiento y atenci\u00f3n con perspectiva comunal.<\/p>\n\n\n\n<p>El diplomado tiene como objetivo contribuir al fortalecimiento de la propuesta educativa y comunitaria de la UACO, impulsando una cultura de paz, igualdad y buen vivir en los espacios universitarios.&nbsp;<\/p>\n\n\n\n<p>Busca reforzar la formaci\u00f3n te\u00f3rica y metodol\u00f3gica del personal acad\u00e9mico y directivo en torno al an\u00e1lisis cr\u00edtico del sexismo y el racismo; promover la elaboraci\u00f3n colectiva de propuestas para relaciones igualitarias y con buen trato; y dise\u00f1ar mecanismos institucionales de atenci\u00f3n a violencias de g\u00e9nero y acoso escolar.<\/p>\n\n\n\n<p>Como proceso de formaci\u00f3n-acci\u00f3n, parte de la educaci\u00f3n popular y feminista, reconociendo a las y los participantes como sujetos que fortalecen los tejidos comunitarios, y se desarrollar\u00e1 mediante din\u00e1micas participativas y reflexivas que permitan analizar las violencias estructurales y generar estrategias colectivas de inclusi\u00f3n, igualdad y respeto en la vida universitaria.<\/p>\n\n\n\n<p>Entre los contenidos se abordar\u00e1n: las ra\u00edces de la violencia y la discriminaci\u00f3n desde el patriarcado y el colonialismo; la teor\u00eda b\u00e1sica de g\u00e9nero y luchas de las mujeres; la paz y el buen vivir en relaci\u00f3n con la comunalidad; la igualdad y el buen trato en espacios escolares; y los mecanismos institucionales para la atenci\u00f3n de violencias.<\/p>\n\n\n\n<p>El diplomado se desarrollar\u00e1 de septiembre a diciembre de 2025 en modalidad presencial, con una duraci\u00f3n de 120 horas distribuidas en siete sesiones y con valor curricular. Est\u00e1 dirigido exclusivamente al personal directivo, docente, administrativo, mandos medios y de confianza de la UACO.<\/p>\n\n\n\n<p>Las sesiones estar\u00e1n facilitadas por Y\u00e9sica S\u00e1nchez Maya y Elizabeth Mosqueda Rivera, de Consorcio Oaxaca, y Aline Castellanos, de Herramientas para el Buen Vivir, con aportes de otras y otros referentes con amplia trayectoria en derechos humanos, g\u00e9nero, educaci\u00f3n popular y acompa\u00f1amiento psicosocial.<\/p>\n\n\n\n<p>En la conferencia de prensa estuvieron presentes las citadas representantes, as\u00ed como la directora del Instituto de Ciencias de la Educaci\u00f3n de la Universidad Aut\u00f3noma \u201cBenito Ju\u00e1rez\u201d de Oaxaca, Leticia Brice\u00f1o Mass, quien reiter\u00f3 su compromiso por la igualdad de g\u00e9nero y contra todo tipo de violencia.<\/p>\n\n\n\n<figure class=\"wp-block-embed is-type-rich is-provider-twitter wp-block-embed-twitter\"><div class=\"wp-block-embed__wrapper\">\n<div class=\"twitter-tweet\"><blockquote class=\"twitter-tweet\" data-lang=\"es\"><p lang=\"es\" dir=\"ltr\">3. \u201cLa UACO (Universidad Aut\u00f3noma Comunal de Oaxaca) est\u00e1 dando un paso muy importante en t\u00e9rminos de visibilizar su trabajo en cuanto a la construcci\u00f3n de los di\u00e1logos de paz\u2026<br><br>\u201cVamos a seguir constituyendo estas relaciones de g\u00e9nero, que atraviesa muchos puntos como la\u2026 <a href=\"https:\/\/t.co\/7Ml7NAzL7f\">pic.twitter.com\/7Ml7NAzL7f<\/a><\/p>&mdash; Zona Roja Oaxaca (@ZonaRoja_Oaxaca) <a href=\"https:\/\/twitter.com\/ZonaRoja_Oaxaca\/status\/1960199044703174680?ref_src=twsrc%5Etfw\">26 de agosto de 2025<\/a><\/blockquote><\/div>\n<\/div><\/figure>\n","protected":false},"excerpt":{"rendered":"<p>Raymundo Morales\/Zona Roja. Oaxaca, Oax., a 26 de agosto de 2025.- Al anunciar el diplomado&hellip;<\/p>\n","protected":false},"author":2,"featured_media":83942,"comment_status":"closed","ping_status":"open","sticky":false,"template":"","format":"standard","meta":{"_lmt_disableupdate":"","_lmt_disable":"","_jetpack_memberships_contains_paid_content":false,"footnotes":""},"categories":[109,46],"tags":[3764],"class_list":["post-83941","post","type-post","status-publish","format-standard","has-post-thumbnail","hentry","category-minuto-a-minuto","category-zona-blanca","tag-universidad-autonoma-comunal-de-oaxaca-uaco"],"jetpack_featured_media_url":"https:\/\/zonaroja.com.mx\/wp-content\/uploads\/2025\/08\/Conferencia-Universidad-Autonoma-Comunal-de-Oaxaca.jpg","jetpack_sharing_enabled":true,"_links":{"self":[{"href":"https:\/\/zonaroja.com.mx\/index.php?rest_route=\/wp\/v2\/posts\/83941","targetHints":{"allow":["GET"]}}],"collection":[{"href":"https:\/\/zonaroja.com.mx\/index.php?rest_route=\/wp\/v2\/posts"}],"about":[{"href":"https:\/\/zonaroja.com.mx\/index.php?rest_route=\/wp\/v2\/types\/post"}],"author":[{"embeddable":true,"href":"https:\/\/zonaroja.com.mx\/index.php?rest_route=\/wp\/v2\/users\/2"}],"replies":[{"embeddable":true,"href":"https:\/\/zonaroja.com.mx\/index.php?rest_route=%2Fwp%2Fv2%2Fcomments&post=83941"}],"version-history":[{"count":1,"href":"https:\/\/zonaroja.com.mx\/index.php?rest_route=\/wp\/v2\/posts\/83941\/revisions"}],"predecessor-version":[{"id":83943,"href":"https:\/\/zonaroja.com.mx\/index.php?rest_route=\/wp\/v2\/posts\/83941\/revisions\/83943"}],"wp:featuredmedia":[{"embeddable":true,"href":"https:\/\/zonaroja.com.mx\/index.php?rest_route=\/wp\/v2\/media\/83942"}],"wp:attachment":[{"href":"https:\/\/zonaroja.com.mx\/index.php?rest_route=%2Fwp%2Fv2%2Fmedia&parent=83941"}],"wp:term":[{"taxonomy":"category","embeddable":true,"href":"https:\/\/zonaroja.com.mx\/index.php?rest_route=%2Fwp%2Fv2%2Fcategories&post=83941"},{"taxonomy":"post_tag","embeddable":true,"href":"https:\/\/zonaroja.com.mx\/index.php?rest_route=%2Fwp%2Fv2%2Ftags&post=83941"}],"curies":[{"name":"wp","href":"https:\/\/api.w.org\/{rel}","templated":true}]}}