{"id":83944,"date":"2025-08-26T13:18:00","date_gmt":"2025-08-26T19:18:00","guid":{"rendered":"https:\/\/zonaroja.com.mx\/?p=83944"},"modified":"2025-08-26T08:22:31","modified_gmt":"2025-08-26T14:22:31","slug":"pasan-examenes-de-control-y-confianza-103-de-135-policias-de-juchitan","status":"publish","type":"post","link":"https:\/\/zonaroja.com.mx\/?p=83944","title":{"rendered":"Pasan ex\u00e1menes de control y confianza 103 de 135 polic\u00edas de Juchit\u00e1n"},"content":{"rendered":"\n<p>Ismael Garc\u00eda M.\/Zona Roja.<\/p>\n\n\n\n<p>Oaxaca, Oax., a 26 de agosto de 2025.- Luego de dos meses de suspensi\u00f3n, la polic\u00eda municipal de Juchit\u00e1n de Zaragoza se reincorpor\u00f3 a sus actividades, tras ser reemplazada por la Polic\u00eda Estatal de Oaxaca, luego de presuntas irregularidades.<\/p>\n\n\n\n<p>El ayuntamiento juchitgco anunci\u00f3 ayer que se incorporaron 103 de 135 uniformados, que cumplieron con los ex\u00e1menes de control y confianza ordenados por el Gobierno del Estado.<\/p>\n\n\n\n<p>De la misma manera, recuperaron el armamento que se les hab\u00eda decomisado, durante una incursi\u00f3n por parte de la Fiscal\u00eda General del Estado de Oaxaca, el pasado 23 de junio, que presume que la corporaci\u00f3n estar\u00eda infiltrada por el crimen organizado, fecha en que adem\u00e1s detuvo a varias personas.<\/p>\n\n\n\n<p>Fue el 21 de junio en que la Operaci\u00f3n \u201cSable\u201d de la instituci\u00f3n se implement\u00f3 en Juchit\u00e1n, en que adem\u00e1s hall\u00f3 que presuntos grupos delictivos ten\u00edan acceso a las c\u00e1maras de seguridad del municipio; en esa ocasi\u00f3n se detuvo a seis polic\u00edas.<\/p>\n\n\n\n<p>\u201cLa polic\u00eda municipal de Juchit\u00e1n ratific\u00f3 su capacidad y preparaci\u00f3n al ser nuevamente certificada en los ex\u00e1menes de control y confianza aplicados por el Centro de Evaluaci\u00f3n y Control de Confianza del Secretariado Ejecutivo del Sistema Estatal de Seguridad P\u00fablica\u201d, destac\u00f3 el ayuntamiento en un comunicado.<\/p>\n\n\n\n<p>\u201cDe un total de 135 elementos evaluados, 103 ya cuentan con la certificaci\u00f3n favorable definitiva emitida el 18 de agosto del presente a\u00f1o, mientras que el resto se encuentra en la etapa final del proceso\u201d, dijo el edil Miguel S\u00e1nchez Altamirano.&nbsp;<\/p>\n\n\n\n<p>Expuso que en los pr\u00f3ximos d\u00edas, conforme a lo acordado, la corporaci\u00f3n retomar\u00e1 plenamente sus funciones preventivas y de proximidad en beneficio de la seguridad y el bienestar de las familias juchitecas.<\/p>\n","protected":false},"excerpt":{"rendered":"<p>Ismael Garc\u00eda M.\/Zona Roja. Oaxaca, Oax., a 26 de agosto de 2025.- Luego de dos&hellip;<\/p>\n","protected":false},"author":2,"featured_media":83922,"comment_status":"closed","ping_status":"open","sticky":false,"template":"","format":"standard","meta":{"_lmt_disableupdate":"","_lmt_disable":"","_jetpack_memberships_contains_paid_content":false,"footnotes":""},"categories":[109,47],"tags":[],"class_list":["post-83944","post","type-post","status-publish","format-standard","has-post-thumbnail","hentry","category-minuto-a-minuto","category-zona-gris"],"jetpack_featured_media_url":"https:\/\/zonaroja.com.mx\/wp-content\/uploads\/2025\/08\/Armas-policia-municipal-Juchitan.jpg","jetpack_sharing_enabled":true,"_links":{"self":[{"href":"https:\/\/zonaroja.com.mx\/index.php?rest_route=\/wp\/v2\/posts\/83944","targetHints":{"allow":["GET"]}}],"collection":[{"href":"https:\/\/zonaroja.com.mx\/index.php?rest_route=\/wp\/v2\/posts"}],"about":[{"href":"https:\/\/zonaroja.com.mx\/index.php?rest_route=\/wp\/v2\/types\/post"}],"author":[{"embeddable":true,"href":"https:\/\/zonaroja.com.mx\/index.php?rest_route=\/wp\/v2\/users\/2"}],"replies":[{"embeddable":true,"href":"https:\/\/zonaroja.com.mx\/index.php?rest_route=%2Fwp%2Fv2%2Fcomments&post=83944"}],"version-history":[{"count":1,"href":"https:\/\/zonaroja.com.mx\/index.php?rest_route=\/wp\/v2\/posts\/83944\/revisions"}],"predecessor-version":[{"id":83945,"href":"https:\/\/zonaroja.com.mx\/index.php?rest_route=\/wp\/v2\/posts\/83944\/revisions\/83945"}],"wp:featuredmedia":[{"embeddable":true,"href":"https:\/\/zonaroja.com.mx\/index.php?rest_route=\/wp\/v2\/media\/83922"}],"wp:attachment":[{"href":"https:\/\/zonaroja.com.mx\/index.php?rest_route=%2Fwp%2Fv2%2Fmedia&parent=83944"}],"wp:term":[{"taxonomy":"category","embeddable":true,"href":"https:\/\/zonaroja.com.mx\/index.php?rest_route=%2Fwp%2Fv2%2Fcategories&post=83944"},{"taxonomy":"post_tag","embeddable":true,"href":"https:\/\/zonaroja.com.mx\/index.php?rest_route=%2Fwp%2Fv2%2Ftags&post=83944"}],"curies":[{"name":"wp","href":"https:\/\/api.w.org\/{rel}","templated":true}]}}