{"id":83946,"date":"2025-08-26T14:22:00","date_gmt":"2025-08-26T20:22:00","guid":{"rendered":"https:\/\/zonaroja.com.mx\/?p=83946"},"modified":"2025-08-26T08:23:59","modified_gmt":"2025-08-26T14:23:59","slug":"genera-ocupacion-hotelera-mas-de-13-mil-mdp-durante-2025-sectur-oaxaca","status":"publish","type":"post","link":"https:\/\/zonaroja.com.mx\/?p=83946","title":{"rendered":"Genera ocupaci\u00f3n hotelera m\u00e1s de 13 mil mdp durante 2025: Sectur Oaxaca"},"content":{"rendered":"\n<p>Redacci\u00f3n\/Zona Roja.<\/p>\n\n\n\n<p>Oaxaca, Oax., a 26de agosto de 2025.- La Secretar\u00eda de Turismo (Sectur Oaxaca) inform\u00f3 que, de enero a julio de 2025, la ocupaci\u00f3n hotelera a nivel estatal gener\u00f3 una derrama econ\u00f3mica estimada en 13 mil 670 millones de pesos, lo que benefici\u00f3 a m\u00e1s de 181 mil personas que laboran en diferentes actividades de este sector.<\/p>\n\n\n\n<p>En tanto, en el 2024, la ocupaci\u00f3n hotelera alcanz\u00f3 el 44.49 por ciento, con la llegada de seis millones 63 mil 761 visitantes; el turismo internacional creci\u00f3 un 18 por ciento, mientras que el nacional avanz\u00f3 un 6.46 por ciento.<\/p>\n\n\n\n<p>La titular de la Sectur Oaxaca, Saymi Pineda Velasco indic\u00f3 que en 2024 la derrama cerr\u00f3 en 22 mil 761 millones de pesos, con un aumento de 21.9 por ciento respecto a 2023; detall\u00f3 que cada turista gast\u00f3 en promedio dos mil 169 pesos diarios, y el extranjero eleva este desembolso hasta cuatro mil 29 pesos.<\/p>\n\n\n\n<p>Precis\u00f3 que el tr\u00e1fico a\u00e9reo estatal creci\u00f3 este a\u00f1o en un tres por ciento, con la atenci\u00f3n de dos millones 129 mil 837 personas pasajeras en las cuatro terminales a\u00e9reas de la entidad.<\/p>\n\n\n\n<p>Gracias a la inversi\u00f3n de m\u00e1s de seis mil millones de pesos para la modernizaci\u00f3n y expansi\u00f3n de los aeropuertos internacionales de Santa Cruz Xoxocotl\u00e1n y Puerto Escondido, de enero a julio de 2025, aument\u00f3 a dos mil 374 asientos adicionales en vuelos comerciales; actualmente se cuenta con un mill\u00f3n 259 mil 703 asientos disponibles.<\/p>\n\n\n\n<p>La funcionaria anunci\u00f3 que desde el pasado mes de abril opera el primer vuelo internacional Puerto Escondido-Houston; y a partir del pr\u00f3ximo mes de diciembre, este destino de playa recibir\u00e1 tres vuelos internacionales provenientes de Dallas con American Airlines, Toronto operado por Air Canada y Calgary con West Jet.<\/p>\n\n\n\n<p>Durante enero de este a\u00f1o, la terminal de Huatulco increment\u00f3 sus frecuencias del vuelo proveniente de Toronto; la ruta de temporada procedente de Dallas ampli\u00f3 sus operaciones hasta el 2 de agosto.&nbsp;<\/p>\n\n\n\n<p>En noviembre pr\u00f3ximo recibir\u00e1 nuevos vuelos desde Guatemala por la aerol\u00ednea TAG; de Vancouver a partir de diciembre a trav\u00e9s de Air Canada, y un vuelo ch\u00e1rter desde Chicago con la aerol\u00ednea TUI.<\/p>\n\n\n\n<p>Para conectar al Istmo de Tehuantepec, desde junio de 2025, Mexicana de Aviaci\u00f3n ampli\u00f3 su capacidad de asientos disponibles en el vuelo AIFA \u2013 Ciudad Ixtepec, pasando de 50 a 174 personas pasajeras con tres frecuencias semanales.<\/p>\n","protected":false},"excerpt":{"rendered":"<p>Redacci\u00f3n\/Zona Roja. Oaxaca, Oax., a 26de agosto de 2025.- La Secretar\u00eda de Turismo (Sectur Oaxaca)&hellip;<\/p>\n","protected":false},"author":2,"featured_media":83947,"comment_status":"closed","ping_status":"open","sticky":false,"template":"","format":"standard","meta":{"_lmt_disableupdate":"","_lmt_disable":"","_jetpack_memberships_contains_paid_content":false,"footnotes":""},"categories":[109,46],"tags":[2714],"class_list":["post-83946","post","type-post","status-publish","format-standard","has-post-thumbnail","hentry","category-minuto-a-minuto","category-zona-blanca","tag-saymi-pineda-velasco"],"jetpack_featured_media_url":"https:\/\/zonaroja.com.mx\/wp-content\/uploads\/2025\/08\/Saymi-Pineda-Velasco-Turismo.jpeg","jetpack_sharing_enabled":true,"_links":{"self":[{"href":"https:\/\/zonaroja.com.mx\/index.php?rest_route=\/wp\/v2\/posts\/83946","targetHints":{"allow":["GET"]}}],"collection":[{"href":"https:\/\/zonaroja.com.mx\/index.php?rest_route=\/wp\/v2\/posts"}],"about":[{"href":"https:\/\/zonaroja.com.mx\/index.php?rest_route=\/wp\/v2\/types\/post"}],"author":[{"embeddable":true,"href":"https:\/\/zonaroja.com.mx\/index.php?rest_route=\/wp\/v2\/users\/2"}],"replies":[{"embeddable":true,"href":"https:\/\/zonaroja.com.mx\/index.php?rest_route=%2Fwp%2Fv2%2Fcomments&post=83946"}],"version-history":[{"count":1,"href":"https:\/\/zonaroja.com.mx\/index.php?rest_route=\/wp\/v2\/posts\/83946\/revisions"}],"predecessor-version":[{"id":83948,"href":"https:\/\/zonaroja.com.mx\/index.php?rest_route=\/wp\/v2\/posts\/83946\/revisions\/83948"}],"wp:featuredmedia":[{"embeddable":true,"href":"https:\/\/zonaroja.com.mx\/index.php?rest_route=\/wp\/v2\/media\/83947"}],"wp:attachment":[{"href":"https:\/\/zonaroja.com.mx\/index.php?rest_route=%2Fwp%2Fv2%2Fmedia&parent=83946"}],"wp:term":[{"taxonomy":"category","embeddable":true,"href":"https:\/\/zonaroja.com.mx\/index.php?rest_route=%2Fwp%2Fv2%2Fcategories&post=83946"},{"taxonomy":"post_tag","embeddable":true,"href":"https:\/\/zonaroja.com.mx\/index.php?rest_route=%2Fwp%2Fv2%2Ftags&post=83946"}],"curies":[{"name":"wp","href":"https:\/\/api.w.org\/{rel}","templated":true}]}}