{"id":83949,"date":"2025-08-26T15:25:00","date_gmt":"2025-08-26T21:25:00","guid":{"rendered":"https:\/\/zonaroja.com.mx\/?p=83949"},"modified":"2025-08-26T08:27:57","modified_gmt":"2025-08-26T14:27:57","slug":"fiscal-de-eu-agradece-a-mexico-por-enviar-a-lideres-del-narco-a-su-pais","status":"publish","type":"post","link":"https:\/\/zonaroja.com.mx\/?p=83949","title":{"rendered":"Fiscal de EU agradece a M\u00e9xico por enviar a l\u00edderes del narco a su pa\u00eds"},"content":{"rendered":"\n<p>Redacci\u00f3n\/Zona Roja Cdmx.<\/p>\n\n\n\n<p>Ciudad de M\u00e9xico, a 26 de agosto de 2025.- La fiscal general de Estados Unidos, Pam Bondi, agradeci\u00f3 a las autoridades mexicanas por enviar a los l\u00edderes criminales a su pa\u00eds, como por ejemplo&nbsp;Ismael \u201cEl Mayo\u201d Zambada, cofundador del C\u00e1rtel de Sinaloa, quien se declar\u00f3 culpable de dos delitos el lunes 25 de agosto.<\/p>\n\n\n\n<p>Tras la audiencia del narcotraficante, Bondi dijo que Donad Trump orden\u00f3 que se trajeran a los l\u00edderes de los c\u00e1rteles de la droga para ser juzgados en su pa\u00eds.<\/p>\n\n\n\n<p>\u00abQueremos agradecerle a las autoridades de M\u00e9xico por toda su ayuda para haber podido traer a estos l\u00edderes de los c\u00e1rteles ante la justicia, no vamos a discutir detalles espec\u00edficos de investigaciones, pero bajo instrucciones de Donald Trump, hemos tra\u00eddo m\u00e1s l\u00edderes de los c\u00e1rteles para que enfrenten a la justicia que ning\u00fan otro gobierno en la historia de este pa\u00eds\u00bb, dijo la fiscal.<\/p>\n\n\n\n<p>Las palabras de la fiscal general llegaron durante una conferencia de prensa que ofreci\u00f3 junto al jefe de la Administraci\u00f3n para el Control de Drogas (DEA), Terrance Cole, tras la declaratoria de culpabilidad de Ismael Zambada Garc\u00eda, \u201cEl Mayo\u201d, cofundador y ex l\u00edder del C\u00e1rtel de Sinaloa.<\/p>\n\n\n\n<p>Cabe recordar que el jueves 27 de febrero y el martes 12 de agosto, el gobierno mexicano envi\u00f3 a m\u00e1s de 50 criminales a Estados Unidos, entre los que destacaban personajes como Rafael Caro Quintero, los ex l\u00edderes de \u201cLos Zetas\u201d, \u201cLa Tuta\u201d, entre otros.<\/p>\n\n\n\n<p>Sin embargo, en el caso de \u201cEl Mayo\u201d Zambada hay que recordar que lleg\u00f3 a tierras estadunidenses luego de que fuera secuestrado y entregado por Los Chapitos el jueves 25 de julio 2024.<\/p>\n\n\n\n<p>En cuanto al caso espec\u00edfico de \u201cEl Mayo\u201d Zambada, Bondi se\u00f1al\u00f3 que el capo no recibir\u00e1 ninguna reducci\u00f3n en su sentencia como beneficio por haber evitado ir a juicio.<\/p>\n\n\n\n<p>\u00abAnunciamos una victoria para el Departamento de Justicia, el capo de la droga Ismael Zambada, conocido como \u2018El Mayo\u2019, confes\u00f3 una vida de crimen al servicio del C\u00e1rtel de Sinaloa, una organizaci\u00f3n terrorista extranjera. Gracias al trabajo de nuestros agentes \u2018El Mayo\u2019 pasar\u00e1 el resto de sus d\u00edas tras las rejas. Morir\u00e1 en una prisi\u00f3n de Estados Unidos, donde pertenece\u00bb, dijo Bondi un par de horas despu\u00e9s de la audiencia de culpabilidad.<\/p>\n\n\n\n<p>\u00abEl reconocimiento de su culpa nos acerca un paso m\u00e1s a nuestro objetivo de eliminar a los c\u00e1rteles de la droga, y a las organizaciones criminales trasnacionales, que inundan a nuestro pa\u00eds con drogas, traficantes de personas y homicidas\u00bb.<\/p>\n\n\n\n<p>\u00abCon Donald Trump a cargo, el Departamento de Justicia trabaja hombro a hombro con todas las agencias de seguridad, para eliminar a los narco-terroristas, porque eso es lo que son, narco-terroristas\u00bb, a\u00f1adi\u00f3 en conferencia de prensa.<\/p>\n\n\n\n<p>Ismael \u201cEl Mayo\u201d Zambada se declar\u00f3 culpable de dos cargos por crimen organizado. Ante el juez Brian Cogan, de la Corte de Distrito para el Este de Nueva York, el mexicano formaliz\u00f3 un acuerdo que negoci\u00f3 con la fiscal\u00eda para evitar ir a juicio, ganar alg\u00fan beneficio procesal.&nbsp;<\/p>\n\n\n\n<p>(Informaci\u00f3n de \u201cMilenio\u201d)<\/p>\n","protected":false},"excerpt":{"rendered":"<p>Redacci\u00f3n\/Zona Roja Cdmx. Ciudad de M\u00e9xico, a 26 de agosto de 2025.- La fiscal general&hellip;<\/p>\n","protected":false},"author":2,"featured_media":83950,"comment_status":"closed","ping_status":"open","sticky":false,"template":"","format":"standard","meta":{"_lmt_disableupdate":"","_lmt_disable":"","_jetpack_memberships_contains_paid_content":false,"footnotes":""},"categories":[109,47],"tags":[3847],"class_list":["post-83949","post","type-post","status-publish","format-standard","has-post-thumbnail","hentry","category-minuto-a-minuto","category-zona-gris","tag-ismael-el-mayo-zambada"],"jetpack_featured_media_url":"https:\/\/zonaroja.com.mx\/wp-content\/uploads\/2025\/08\/Fiscal-Pam-Bondi.webp","jetpack_sharing_enabled":true,"_links":{"self":[{"href":"https:\/\/zonaroja.com.mx\/index.php?rest_route=\/wp\/v2\/posts\/83949","targetHints":{"allow":["GET"]}}],"collection":[{"href":"https:\/\/zonaroja.com.mx\/index.php?rest_route=\/wp\/v2\/posts"}],"about":[{"href":"https:\/\/zonaroja.com.mx\/index.php?rest_route=\/wp\/v2\/types\/post"}],"author":[{"embeddable":true,"href":"https:\/\/zonaroja.com.mx\/index.php?rest_route=\/wp\/v2\/users\/2"}],"replies":[{"embeddable":true,"href":"https:\/\/zonaroja.com.mx\/index.php?rest_route=%2Fwp%2Fv2%2Fcomments&post=83949"}],"version-history":[{"count":1,"href":"https:\/\/zonaroja.com.mx\/index.php?rest_route=\/wp\/v2\/posts\/83949\/revisions"}],"predecessor-version":[{"id":83951,"href":"https:\/\/zonaroja.com.mx\/index.php?rest_route=\/wp\/v2\/posts\/83949\/revisions\/83951"}],"wp:featuredmedia":[{"embeddable":true,"href":"https:\/\/zonaroja.com.mx\/index.php?rest_route=\/wp\/v2\/media\/83950"}],"wp:attachment":[{"href":"https:\/\/zonaroja.com.mx\/index.php?rest_route=%2Fwp%2Fv2%2Fmedia&parent=83949"}],"wp:term":[{"taxonomy":"category","embeddable":true,"href":"https:\/\/zonaroja.com.mx\/index.php?rest_route=%2Fwp%2Fv2%2Fcategories&post=83949"},{"taxonomy":"post_tag","embeddable":true,"href":"https:\/\/zonaroja.com.mx\/index.php?rest_route=%2Fwp%2Fv2%2Ftags&post=83949"}],"curies":[{"name":"wp","href":"https:\/\/api.w.org\/{rel}","templated":true}]}}