{"id":83952,"date":"2025-08-26T20:05:40","date_gmt":"2025-08-27T02:05:40","guid":{"rendered":"https:\/\/zonaroja.com.mx\/?p=83952"},"modified":"2025-08-26T20:05:43","modified_gmt":"2025-08-27T02:05:43","slug":"crecen-conflictos-en-instituciones-educativas-de-oaxaca","status":"publish","type":"post","link":"https:\/\/zonaroja.com.mx\/?p=83952","title":{"rendered":"Crecen conflictos en instituciones educativas de Oaxaca"},"content":{"rendered":"\n<p>Lisbeth Mej\u00eda Reyes\/Zona Roja.<\/p>\n\n\n\n<p>Oaxaca, Oax., a 26 de agosto de 2025.- Debido a la falta de respuestas a sus demandas laborales y el incumplimiento de sus acuerdos sindicales, entre otros motivos, esta semana han surgido o se han agravado los problemas en diversas instituciones educativas p\u00fablicas del nivel medio superior y superior en el estado de Oaxaca.<\/p>\n\n\n\n<p>A estos problemas anteceden las protestas de la Coordinadora Estudiantil Normalista del Estado de Oaxaca (CENEO) por irregularidades en el examen de admisi\u00f3n a escuelas normales y la protesta de sindicalizados de la Universidad Aut\u00f3noma \u201cBenito Ju\u00e1rez\u201d de Oaxaca en contra del traslado de la Facultad de Medicina y Cirug\u00eda de Tehuantepec a Juchit\u00e1n.<\/p>\n\n\n\n<p>Este lunes, el Sindicato \u00danico de Trabajadores del Telebachillerato Comunitario del Estado de Oaxaca (SUTTEBCEO) denunci\u00f3 el incumplimiento de la titular de la Secretar\u00eda de Educaci\u00f3n P\u00fablica (SEP) de Oaxaca, Delfina Guzm\u00e1n, de presentar ese d\u00eda a las dos nuevas jefas de los departamentos de Servicios Escolares y del \u00e1rea Jur\u00eddica del Telebachillerato.&nbsp;<\/p>\n\n\n\n<p>Esto luego de que el pasado 20 de agosto hab\u00edan acordado la destituci\u00f3n de tres jefaturas: Acad\u00e9mica y de docencia, Servicios Escolares y Jur\u00eddica. La nueva titular del departamento acad\u00e9mico s\u00ed fue presentada el pasado 22 de agosto y estaban pendientes las otras dos para este lunes 25.&nbsp;<\/p>\n\n\n\n<p>Sin embargo, a \u00faltima hora y v\u00eda telef\u00f3nica, Guzm\u00e1n cancel\u00f3 la presentaci\u00f3n, lo que para el sindicato es una falta de compromiso.<\/p>\n\n\n\n<p>En un comunicado, el comit\u00e9 advirti\u00f3 que para la mesa de trabajo de este mi\u00e9rcoles volver\u00e1n a exigir la renuncia del director general del Telebachillerato, Filem\u00f3n Bernardo Hern\u00e1ndez, y la presentaci\u00f3n del nuevo titular. Si las autoridades estatales no cumplen, estallar\u00e1 la huelga.<\/p>\n\n\n\n<p>El SUTTEBCEO comenz\u00f3 su jornada de protestas el pasado 11 de agosto, aunque se\u00f1ala que a la fecha son m\u00ednimos los avances, por lo que no comenzar\u00e1n el ciclo escolar 2025-2026 hasta tener respuestas favorables del gobierno estatal.<\/p>\n\n\n\n<p>EN EL ISTMO<\/p>\n\n\n\n<p>Por otra parte, personal del Instituto Tecnol\u00f3gico del Istmo adherido a la Secci\u00f3n 61 del Sindicato Nacional de Trabajadores de la Educaci\u00f3n (SNTE), denunci\u00f3 la intromisi\u00f3n del ex director Juan Jos\u00e9 Renter\u00eda Orozco y los ex subdirectores Osiris Mart\u00ednez Jim\u00e9nez y Ariadna Saynes R\u00edos a la instituci\u00f3n.&nbsp;<\/p>\n\n\n\n<p>Esto a pesar de que desde el 27 de mayo la Asamblea General de Trabajadores los desconoci\u00f3 como tal y les notific\u00f3 de la decisi\u00f3n.<\/p>\n\n\n\n<p>En un pronunciamiento dirigido a la comunidad acad\u00e9mica y a la poblaci\u00f3n en general, el sindicato se\u00f1al\u00f3 que estas personas intentaron entrar a las instalaciones el lunes bajo el pretexto de dar la bienvenida al nuevo ciclo escolar, por lo que reiteraron su desconocimiento a Juan Jos\u00e9 Renter\u00eda Orozco, a Osiris Mart\u00ednez Jim\u00e9nez y a Ariadna Saynes R\u00edos.<\/p>\n\n\n\n<p>EN VALLES<\/p>\n\n\n\n<p>Este lunes tambi\u00e9n comenzaron nuevamente las protestas del personal de la Universidad Tecnol\u00f3gica de los Valles Centrales de Oaxaca (UTVCO), debido a que a m\u00e1s de dos a\u00f1os del cambio de las relaciones laborales las autoridades universitarias siguen sin cumplir con las prestaciones a las que tienen derecho. Entre estas, el nombramiento de base, la seguridad social a trav\u00e9s del Instituto de Seguridad y Servicios Sociales de los Trabajadores del Estado (ISSSTE) y el reconocimiento de antig\u00fcedad y pago de quinquenios.<\/p>\n","protected":false},"excerpt":{"rendered":"<p>Lisbeth Mej\u00eda Reyes\/Zona Roja. Oaxaca, Oax., a 26 de agosto de 2025.- Debido a la&hellip;<\/p>\n","protected":false},"author":2,"featured_media":83953,"comment_status":"closed","ping_status":"open","sticky":false,"template":"","format":"standard","meta":{"_lmt_disableupdate":"","_lmt_disable":"","_jetpack_memberships_contains_paid_content":false,"footnotes":""},"categories":[109,47],"tags":[],"class_list":["post-83952","post","type-post","status-publish","format-standard","has-post-thumbnail","hentry","category-minuto-a-minuto","category-zona-gris"],"jetpack_featured_media_url":"https:\/\/zonaroja.com.mx\/wp-content\/uploads\/2025\/08\/Conflicto-universidades-educacion-Oaaxac.jpg","jetpack_sharing_enabled":true,"_links":{"self":[{"href":"https:\/\/zonaroja.com.mx\/index.php?rest_route=\/wp\/v2\/posts\/83952","targetHints":{"allow":["GET"]}}],"collection":[{"href":"https:\/\/zonaroja.com.mx\/index.php?rest_route=\/wp\/v2\/posts"}],"about":[{"href":"https:\/\/zonaroja.com.mx\/index.php?rest_route=\/wp\/v2\/types\/post"}],"author":[{"embeddable":true,"href":"https:\/\/zonaroja.com.mx\/index.php?rest_route=\/wp\/v2\/users\/2"}],"replies":[{"embeddable":true,"href":"https:\/\/zonaroja.com.mx\/index.php?rest_route=%2Fwp%2Fv2%2Fcomments&post=83952"}],"version-history":[{"count":1,"href":"https:\/\/zonaroja.com.mx\/index.php?rest_route=\/wp\/v2\/posts\/83952\/revisions"}],"predecessor-version":[{"id":83954,"href":"https:\/\/zonaroja.com.mx\/index.php?rest_route=\/wp\/v2\/posts\/83952\/revisions\/83954"}],"wp:featuredmedia":[{"embeddable":true,"href":"https:\/\/zonaroja.com.mx\/index.php?rest_route=\/wp\/v2\/media\/83953"}],"wp:attachment":[{"href":"https:\/\/zonaroja.com.mx\/index.php?rest_route=%2Fwp%2Fv2%2Fmedia&parent=83952"}],"wp:term":[{"taxonomy":"category","embeddable":true,"href":"https:\/\/zonaroja.com.mx\/index.php?rest_route=%2Fwp%2Fv2%2Fcategories&post=83952"},{"taxonomy":"post_tag","embeddable":true,"href":"https:\/\/zonaroja.com.mx\/index.php?rest_route=%2Fwp%2Fv2%2Ftags&post=83952"}],"curies":[{"name":"wp","href":"https:\/\/api.w.org\/{rel}","templated":true}]}}