{"id":83955,"date":"2025-08-26T21:07:02","date_gmt":"2025-08-27T03:07:02","guid":{"rendered":"https:\/\/zonaroja.com.mx\/?p=83955"},"modified":"2025-08-26T21:07:04","modified_gmt":"2025-08-27T03:07:04","slug":"activista-de-oaxaca-teme-por-su-integridad-tras-acecho-de-un-sujeto-en-su-domicilio","status":"publish","type":"post","link":"https:\/\/zonaroja.com.mx\/?p=83955","title":{"rendered":"Activista de Oaxaca teme por su integridad, tras acecho de un sujeto en su domicilio"},"content":{"rendered":"\n<p>Lisbeth Mej\u00eda Reyes\/Zona Roja.<\/p>\n\n\n\n<p>Oaxaca, Oax., a 26 de agosto de 2025.- La activista oaxaque\u00f1a Iliana Acevedo Brena, representante del Frente Nacional contra Violencia Vicaria, denunci\u00f3 que teme por su integridad y la de su familia debido a que hace unos d\u00edas un sujeto a\u00fan no identificado estuvo acechando su vivienda en la zona norte de la ciudad de Oaxaca.<\/p>\n\n\n\n<p>A trav\u00e9s de un video que comparti\u00f3 en sus redes sociales y de im\u00e1genes de c\u00e1maras de vigilancia, Acevedo Brena se\u00f1al\u00f3 que durante los primeros minutos del 15 de agosto fue v\u00edctima \u00abde actos de molestia, vigilancia y acecho por parte de un masculino no identificado\u00bb.&nbsp;<\/p>\n\n\n\n<p>\u00c9ste se aproxim\u00f3 de manera sospechosa a la vivienda y aunque su actitud no puede ser denunciada formalmente, la activista no descart\u00f3 que los hechos est\u00e9n relacionados con su activismo o con sus procesos legales personales.<\/p>\n\n\n\n<p>\u00abDespu\u00e9s de estar viviendo estas situaciones durante cinco a\u00f1os las autoridades federales se han negado a protegernos de manera integral, yo solo busco nuestra seguridad en la medida de lo posible\u201d, difundi\u00f3 a trav\u00e9s de sus redes sociales al reiterar su temor porque le suceda algo a ella o a su hijo menor de edad.<\/p>\n\n\n\n<p>\u00abEn caso de que llegara a sucederme algo, dejo constancia de que no es un hecho aislado sino parte de una serie de actos de acecho que he venido sufriendo de esta misma \u00edndole en mi domicilio como de manera digital\u00bb.<\/p>\n\n\n\n<p>El incidente se suma a otros que ha denunciado por su situaci\u00f3n personal como por su labor como activista acompa\u00f1ando de mujeres v\u00edctimas de violencia de g\u00e9nero y vicaria.&nbsp;<\/p>\n\n\n\n<p>Por ahora, explic\u00f3 que ha recibido el acompa\u00f1amiento de la regidora de Seguridad Vecinal del ayuntamiento capitalino, Alma Itzel Garc\u00eda Herrera, para solicitar y obtener de la sindicatura de procuraci\u00f3n las medidas de protecci\u00f3n para ella y su familia.<\/p>\n\n\n\n<p>\u00abPor la naturaleza del incidente, no constituye un hecho espec\u00edfico que pueda ser denunciado formalmente ante alguna autoridad. Sin embargo, transmito esta informaci\u00f3n por este medio y porque cuento con el video donde se observa a esta persona acerc\u00e1ndose a mi domicilio de manera muy sospechosa y vigilando de manera muy cercana al interior y sin saber qu\u00e9 busca o pretende\u00bb, expres\u00f3 la activista.<\/p>\n","protected":false},"excerpt":{"rendered":"<p>Lisbeth Mej\u00eda Reyes\/Zona Roja. Oaxaca, Oax., a 26 de agosto de 2025.- La activista oaxaque\u00f1a&hellip;<\/p>\n","protected":false},"author":2,"featured_media":83956,"comment_status":"closed","ping_status":"open","sticky":false,"template":"","format":"standard","meta":{"_lmt_disableupdate":"","_lmt_disable":"","_jetpack_memberships_contains_paid_content":false,"footnotes":""},"categories":[109,47],"tags":[],"class_list":["post-83955","post","type-post","status-publish","format-standard","has-post-thumbnail","hentry","category-minuto-a-minuto","category-zona-gris"],"jetpack_featured_media_url":"https:\/\/zonaroja.com.mx\/wp-content\/uploads\/2025\/08\/Iliana-acevedo-brena-violencia-vicaria.jpg","jetpack_sharing_enabled":true,"_links":{"self":[{"href":"https:\/\/zonaroja.com.mx\/index.php?rest_route=\/wp\/v2\/posts\/83955","targetHints":{"allow":["GET"]}}],"collection":[{"href":"https:\/\/zonaroja.com.mx\/index.php?rest_route=\/wp\/v2\/posts"}],"about":[{"href":"https:\/\/zonaroja.com.mx\/index.php?rest_route=\/wp\/v2\/types\/post"}],"author":[{"embeddable":true,"href":"https:\/\/zonaroja.com.mx\/index.php?rest_route=\/wp\/v2\/users\/2"}],"replies":[{"embeddable":true,"href":"https:\/\/zonaroja.com.mx\/index.php?rest_route=%2Fwp%2Fv2%2Fcomments&post=83955"}],"version-history":[{"count":1,"href":"https:\/\/zonaroja.com.mx\/index.php?rest_route=\/wp\/v2\/posts\/83955\/revisions"}],"predecessor-version":[{"id":83957,"href":"https:\/\/zonaroja.com.mx\/index.php?rest_route=\/wp\/v2\/posts\/83955\/revisions\/83957"}],"wp:featuredmedia":[{"embeddable":true,"href":"https:\/\/zonaroja.com.mx\/index.php?rest_route=\/wp\/v2\/media\/83956"}],"wp:attachment":[{"href":"https:\/\/zonaroja.com.mx\/index.php?rest_route=%2Fwp%2Fv2%2Fmedia&parent=83955"}],"wp:term":[{"taxonomy":"category","embeddable":true,"href":"https:\/\/zonaroja.com.mx\/index.php?rest_route=%2Fwp%2Fv2%2Fcategories&post=83955"},{"taxonomy":"post_tag","embeddable":true,"href":"https:\/\/zonaroja.com.mx\/index.php?rest_route=%2Fwp%2Fv2%2Ftags&post=83955"}],"curies":[{"name":"wp","href":"https:\/\/api.w.org\/{rel}","templated":true}]}}