{"id":83958,"date":"2025-08-26T21:30:31","date_gmt":"2025-08-27T03:30:31","guid":{"rendered":"https:\/\/zonaroja.com.mx\/?p=83958"},"modified":"2025-08-26T21:30:34","modified_gmt":"2025-08-27T03:30:34","slug":"con-operacion-sable-detienen-presunto-lider-de-la-delincuencia-en-juchitan","status":"publish","type":"post","link":"https:\/\/zonaroja.com.mx\/?p=83958","title":{"rendered":"Con Operaci\u00f3n \u201cSable\u201d, detienen presunto l\u00edder de la delincuencia en Juchit\u00e1n"},"content":{"rendered":"\n<p>Redacci\u00f3n\/Zona Roja.&nbsp;<\/p>\n\n\n\n<p>Oaxaca, Oax., a 26 de agosto de 2025.- Derivado de un trabajo de inteligencia efectuado mediante la Operaci\u00f3n \u201cSable\u201d, la Fiscal\u00eda General del Estado de Oaxaca (FGEO) detuvo a una persona del sexo masculino identificada como A.S.G., alias \u201cEl Pinky\u201d, por el delito contra la salud en su modalidad de narcomenudeo, identificado como uno de los objetivos prioritarios por su probable involucramiento con c\u00e9lulas directivas en la regi\u00f3n del Istmo de Tehuantepec.<\/p>\n\n\n\n<p>La detenci\u00f3n de A.S.G., deriv\u00f3 de patrullajes interinstitucionales para reforzar la seguridad en el municipio de Juchit\u00e1n de Zaragoza, acciones en las que, adem\u00e1s de la Fiscal\u00eda de Oaxaca y elementos de la Agencia Estatal de Investigaciones (AEI) adscritos la Vicefiscal\u00eda Regional del Istmo, particip\u00f3 la Secretar\u00eda de la Defensa Nacional (Defensa).<\/p>\n\n\n\n<p>La investigaci\u00f3n detalla que, A.S.G. fue detenido tras efectuarle una revisi\u00f3n de rutina, en la que los elementos policiales hallaron entre sus pertenencias decenas de bolsas empaquetadas con la droga conocida como cristal, adem\u00e1s que, dentro de su unidad de motor (mototaxi) se le decomiso una b\u00e1scula gramera y diversos cartuchos \u00fatiles.<\/p>\n\n\n\n<p>Por estos hechos, A.S.G. alias \u201cEl Pinky\u201d, fue detenido y puesto a disposici\u00f3n de la autoridad correspondiente.<\/p>\n\n\n\n<p>Adem\u00e1s, que las investigaciones iniciales permitieron establecer que la persona detenida estar\u00eda relacionada con la comisi\u00f3n de diferentes conductas delictivas ligadas a c\u00e9lulas de la delincuencia organizada que tienen presencia en Juchit\u00e1n.<\/p>\n\n\n\n<p>Las labores de inteligencia coordinadas con instancias estatales y de la federaci\u00f3n son fundamentales para combatir con \u00e9xito el fen\u00f3meno delictivo, por lo que la FGEO est\u00e1 comprometida a implementar acciones que contribuyan a la seguridad p\u00fablica, la impartici\u00f3n de justicia y el abatimiento de la impunidad.<\/p>\n\n\n\n<p>VINCULADOS A PROCESO<\/p>\n\n\n\n<p>En otro caso, la Fiscal\u00eda General del Estado obtuvo auto de vinculaci\u00f3n a proceso en contra de tres personas, imputados por el delito de despojo cometido en el municipio de Santa Mar\u00eda Atzompa, perteneciente a los Valles Centrales.<\/p>\n\n\n\n<p>De acuerdo con el expediente penal, se trata de dos mujeres identificadas como C.J.A., y M.E.V.J., as\u00ed como un hombre de iniciales F.V.J., imputados porque el 25 de julio de 2023, desalojaron con violencia a los propietarios del predio luego de que \u00e9stos realizar\u00e1n trabajos para delimitar su terreno ubicado en la calle R\u00edo Chiquito de la colonia Odisea de Santa Mar\u00eda Atzompa -en la zona metropolitana de Oaxaca-, que colindaba con el domicilio de los agresores.<\/p>\n\n\n\n<p>La investigaci\u00f3n detalla que, los imputados hab\u00edan ocupado de manera ilegal parte del terreno como camino para acceder a su domicilio, por lo que los due\u00f1os del predio contrataron una retroexcavadora para hacer una zanja y delimitar el paso, situaci\u00f3n que provoc\u00f3 molestia por parte de los agresores que, con violencia, desalojaron a las v\u00edctimas para despu\u00e9s cercar la propiedad.<\/p>\n\n\n\n<p>Derivado de estos hechos tras la denuncia interpuesta, la FGEO inici\u00f3 las investigaciones ministeriales a trav\u00e9s de la Vicefiscal\u00eda Regional de los Valles Centrales que reuni\u00f3 las pruebas suficientes gracias a las cuales se obtuvieron \u00f3rdenes de aprehensi\u00f3n, que fueron ejecutadas por elementos de la Agencia Estatal de Investigaciones (AEI) para despu\u00e9s presentarlos ante la autoridad competente.<\/p>\n\n\n\n<p>Tras el desahogo de pruebas aportadas por la FGEO y valoradas en audiencia, el Juez que atiende la causa dict\u00f3 auto de vinculaci\u00f3n a proceso en contra de C.J.A., M.E.V.J., y F.V.J., por el delito de despojo y orden\u00f3 la restituci\u00f3n del inmueble en favor de las v\u00edctimas como parte del proceso de procuraci\u00f3n de justicia.<\/p>\n","protected":false},"excerpt":{"rendered":"<p>Redacci\u00f3n\/Zona Roja.&nbsp; Oaxaca, Oax., a 26 de agosto de 2025.- Derivado de un trabajo de&hellip;<\/p>\n","protected":false},"author":2,"featured_media":83959,"comment_status":"closed","ping_status":"open","sticky":false,"template":"","format":"standard","meta":{"_lmt_disableupdate":"","_lmt_disable":"","_jetpack_memberships_contains_paid_content":false,"footnotes":""},"categories":[109,46],"tags":[494],"class_list":["post-83958","post","type-post","status-publish","format-standard","has-post-thumbnail","hentry","category-minuto-a-minuto","category-zona-blanca","tag-fiscalia-general-del-estado-de-oaxaca"],"jetpack_featured_media_url":"https:\/\/zonaroja.com.mx\/wp-content\/uploads\/2025\/08\/Narcomenudista-el-pinky-detenido-en-Juchitan.jpg","jetpack_sharing_enabled":true,"_links":{"self":[{"href":"https:\/\/zonaroja.com.mx\/index.php?rest_route=\/wp\/v2\/posts\/83958","targetHints":{"allow":["GET"]}}],"collection":[{"href":"https:\/\/zonaroja.com.mx\/index.php?rest_route=\/wp\/v2\/posts"}],"about":[{"href":"https:\/\/zonaroja.com.mx\/index.php?rest_route=\/wp\/v2\/types\/post"}],"author":[{"embeddable":true,"href":"https:\/\/zonaroja.com.mx\/index.php?rest_route=\/wp\/v2\/users\/2"}],"replies":[{"embeddable":true,"href":"https:\/\/zonaroja.com.mx\/index.php?rest_route=%2Fwp%2Fv2%2Fcomments&post=83958"}],"version-history":[{"count":1,"href":"https:\/\/zonaroja.com.mx\/index.php?rest_route=\/wp\/v2\/posts\/83958\/revisions"}],"predecessor-version":[{"id":83960,"href":"https:\/\/zonaroja.com.mx\/index.php?rest_route=\/wp\/v2\/posts\/83958\/revisions\/83960"}],"wp:featuredmedia":[{"embeddable":true,"href":"https:\/\/zonaroja.com.mx\/index.php?rest_route=\/wp\/v2\/media\/83959"}],"wp:attachment":[{"href":"https:\/\/zonaroja.com.mx\/index.php?rest_route=%2Fwp%2Fv2%2Fmedia&parent=83958"}],"wp:term":[{"taxonomy":"category","embeddable":true,"href":"https:\/\/zonaroja.com.mx\/index.php?rest_route=%2Fwp%2Fv2%2Fcategories&post=83958"},{"taxonomy":"post_tag","embeddable":true,"href":"https:\/\/zonaroja.com.mx\/index.php?rest_route=%2Fwp%2Fv2%2Ftags&post=83958"}],"curies":[{"name":"wp","href":"https:\/\/api.w.org\/{rel}","templated":true}]}}