{"id":83961,"date":"2025-08-26T22:24:08","date_gmt":"2025-08-27T04:24:08","guid":{"rendered":"https:\/\/zonaroja.com.mx\/?p=83961"},"modified":"2025-08-26T22:24:08","modified_gmt":"2025-08-27T04:24:08","slug":"gobierno-se-retracta-y-devolvera-base-a-empleados-despedidos","status":"publish","type":"post","link":"https:\/\/zonaroja.com.mx\/?p=83961","title":{"rendered":"Gobierno se retracta y devolver\u00e1 base a empleados despedidos"},"content":{"rendered":"\n<p>Raymundo Morales\/Zona Roja.&nbsp;<\/p>\n\n\n\n<p>Oaxaca, Oax., a 26 de agosto de 2025.- El gobierno de Oaxaca recul\u00f3 en el despido de m\u00e1s de 600 empleados y anunci\u00f3 hoy la reinstalaci\u00f3n de los sindicalizados afectados por un decreto avalado en diciembre pasado por el Congreso del Estado.<\/p>\n\n\n\n<p>\u201cSomos un gobierno congruente con nuestra propia historia, venimos de la lucha social, siempre hemos caminado de la mano con las y los trabajadores, hemos reivindicado las causas leg\u00edtimas y nunca seremos insensibles a la realidad social\u201d, puntualiz\u00f3 el gobernador Salom\u00f3n Jara Cruz.<\/p>\n\n\n\n<p>Al finalizar su conferencia de prensa de este martes, expuso que su administraci\u00f3n es sensible a los derechos de las y los trabajadores, \u201cquienes contribuyen d\u00eda a d\u00eda con su esfuerzo para que la transformaci\u00f3n llegue a cada rinc\u00f3n de la entidad\u201d.<\/p>\n\n\n\n<p>En este sentido, \u201ccomo un acto de reivindicaci\u00f3n de la lucha de la clase trabajadora\u201d, el mandario anunci\u00f3 la reincorporaci\u00f3n del personal sindicalizado de la administraci\u00f3n estatal a sus centros laborales, una vez que concluyan su tr\u00e1mite ante la Junta Local de Conciliaci\u00f3n y Arbitraje del Estado.<\/p>\n\n\n\n<p>Explic\u00f3 que, para este proceso, instruy\u00f3 a la Secretar\u00eda de Administraci\u00f3n para que atienda de manera personal y directa, sin intermediarios, a las personas servidoras p\u00fablicas cuyas plazas fueron objeto de revisi\u00f3n en diciembre de 2024.<\/p>\n\n\n\n<p>Record\u00f3 que este proceso se emprendi\u00f3 para revisar la estructura laboral del gobierno, toda vez que durante a\u00f1os se multiplicaron plazas sin planeaci\u00f3n, de manera irresponsable, en detrimento de las finanzas p\u00fablicas.<\/p>\n\n\n\n<p>Jara Cruz se\u00f1al\u00f3 que su administraci\u00f3n ha dialogado con el Sindicato de Trabajadores de los Poderes del Estado e Instituciones Descentralizadas de Car\u00e1cter Estatal de Oaxaca (STPEIDCEO), con quien coincidi\u00f3 en que lo m\u00e1s importante es el reconocimiento al personal y la estabilidad de sus familias; por ello, se respetar\u00e1 su antig\u00fcedad, prestaciones y trayectoria laboral.<\/p>\n\n\n\n<p>Fue el 11 de diciembre de 2024 en que la 66 Legislatura que preside Benjam\u00edn Viveros Montalvo aprob\u00f3 la extinci\u00f3n de mil 344 bases laborales del sindicato de bur\u00f3cratas, al argumentar irregularidades en la obtenci\u00f3n, en sexenios pasados.<\/p>\n\n\n\n<p>Posteriormente, tras una revisi\u00f3n, se reincorpor\u00f3 a la mitad de los despedidos; el resto efectu\u00f3 una serie de movilizaciones, en la ciudad de Oaxaca y en la capital del pa\u00eds, apoyados por el Partido del Trabajo y la diputada federal Margarita Garc\u00eda.<\/p>\n\n\n\n<p>\u201cEl Comit\u00e9 Ejecutivo del STPEIDCEO se congratula por el anuncio hecho por el ing. Salom\u00f3n Jara Cruz, Gobernador Constitucional del Estado de Oaxaca, que ha comunicado la reinstalaci\u00f3n total de nuestros compa\u00f1eros y compa\u00f1eras de base afectados en diciembre pasado.<\/p>\n\n\n\n<p>\u201cHoy nuestros agremiados y agremiadas que fueron suprimidos, pueden tener la certeza que su empleo y su estabilidad les ser\u00e1 devuelta, siendo ello sin duda un impacto positivo en cientos de familias oaxaque\u00f1as de las cuales son sustento\u201d, difundir la dirigencia de bur\u00f3cratas.<\/p>\n\n\n\n<p>Por su parte, los alrededor de 630 despedidos emitieron tambi\u00e9n un comunicado en que aseguraron que \u201ceste anuncio no nace de la justicia ni del respeto a la ley, sino de la desesperaci\u00f3n de un mandatario que ve inminente la derrota en la revocaci\u00f3n de mandato y pretende frenar el repudio social que \u00e9l mismo provoc\u00f3\u201d.<\/p>\n","protected":false},"excerpt":{"rendered":"<p>Raymundo Morales\/Zona Roja.&nbsp; Oaxaca, Oax., a 26 de agosto de 2025.- El gobierno de Oaxaca&hellip;<\/p>\n","protected":false},"author":2,"featured_media":76005,"comment_status":"closed","ping_status":"open","sticky":false,"template":"","format":"standard","meta":{"_lmt_disableupdate":"","_lmt_disable":"","_jetpack_memberships_contains_paid_content":false,"footnotes":""},"categories":[109,47],"tags":[939],"class_list":["post-83961","post","type-post","status-publish","format-standard","has-post-thumbnail","hentry","category-minuto-a-minuto","category-zona-gris","tag-salomon-jara-cruz"],"jetpack_featured_media_url":"https:\/\/zonaroja.com.mx\/wp-content\/uploads\/2024\/12\/bases-laborales-protesta-burocratas-gobierno-sTPEIDCEO.jpg","jetpack_sharing_enabled":true,"_links":{"self":[{"href":"https:\/\/zonaroja.com.mx\/index.php?rest_route=\/wp\/v2\/posts\/83961","targetHints":{"allow":["GET"]}}],"collection":[{"href":"https:\/\/zonaroja.com.mx\/index.php?rest_route=\/wp\/v2\/posts"}],"about":[{"href":"https:\/\/zonaroja.com.mx\/index.php?rest_route=\/wp\/v2\/types\/post"}],"author":[{"embeddable":true,"href":"https:\/\/zonaroja.com.mx\/index.php?rest_route=\/wp\/v2\/users\/2"}],"replies":[{"embeddable":true,"href":"https:\/\/zonaroja.com.mx\/index.php?rest_route=%2Fwp%2Fv2%2Fcomments&post=83961"}],"version-history":[{"count":1,"href":"https:\/\/zonaroja.com.mx\/index.php?rest_route=\/wp\/v2\/posts\/83961\/revisions"}],"predecessor-version":[{"id":83962,"href":"https:\/\/zonaroja.com.mx\/index.php?rest_route=\/wp\/v2\/posts\/83961\/revisions\/83962"}],"wp:featuredmedia":[{"embeddable":true,"href":"https:\/\/zonaroja.com.mx\/index.php?rest_route=\/wp\/v2\/media\/76005"}],"wp:attachment":[{"href":"https:\/\/zonaroja.com.mx\/index.php?rest_route=%2Fwp%2Fv2%2Fmedia&parent=83961"}],"wp:term":[{"taxonomy":"category","embeddable":true,"href":"https:\/\/zonaroja.com.mx\/index.php?rest_route=%2Fwp%2Fv2%2Fcategories&post=83961"},{"taxonomy":"post_tag","embeddable":true,"href":"https:\/\/zonaroja.com.mx\/index.php?rest_route=%2Fwp%2Fv2%2Ftags&post=83961"}],"curies":[{"name":"wp","href":"https:\/\/api.w.org\/{rel}","templated":true}]}}