{"id":83963,"date":"2025-08-27T07:15:00","date_gmt":"2025-08-27T13:15:00","guid":{"rendered":"https:\/\/zonaroja.com.mx\/?p=83963"},"modified":"2025-08-27T06:29:59","modified_gmt":"2025-08-27T12:29:59","slug":"funcionario-de-la-sep-es-parte-de-una-red-de-pornografia-en-oaxaca-diputada","status":"publish","type":"post","link":"https:\/\/zonaroja.com.mx\/?p=83963","title":{"rendered":"\u201cFuncionario de la SEP es parte de una red de pornograf\u00eda en Oaxaca\u201d: diputada"},"content":{"rendered":"\n<p>Redacci\u00f3n\/Zona Roja Cdmx.<\/p>\n\n\n\n<p>Ciudad de M\u00e9xico, a 27 de agosto de 2025.- El Enlace legislativo de la Secretar\u00eda de Educaci\u00f3n P\u00fablica (SEP), Azael Santiago Chepi, es parte de la red de pornograf\u00eda que denunci\u00f3 en Oaxaca la activista mixe&nbsp;Sandra Est\u00e9fana Dom\u00ednguez, asesinada en abril pasado, acus\u00f3 la diputada del Partido del Trabajo (PT), Martha Aracely Cruz Jim\u00e9nez.<\/p>\n\n\n\n<p>\u201cAzael formaba parte del grupo de WhatsApp Sierra XXX, yo vi que su n\u00famero estaba en las capturas de pantalla, por eso necesito que se investigue qui\u00e9nes m\u00e1s estaban\u201d, dijo la legisladora en entrevista con \u201cLatinus\u201d.<\/p>\n\n\n\n<p>Santiago Chepi fue diputado federal en la LXIV Legislatura, donde coincidi\u00f3 con el entonces coordinador de esa bancada, Mario Delgado Carrillo y actual secretario de la SEP.<\/p>\n\n\n\n<p>Tambi\u00e9n ha sido dirigente en la Secci\u00f3n 22 de la Coordinadora Nacional de Trabajadores de la Educaci\u00f3n (CNTE) y luego de reelegirse como diputado federal en la LXV legislatura, intent\u00f3 sin \u00e9xito obtener una candidatura al Senado en las elecciones federales de 2024.<\/p>\n\n\n\n<p>Luego de acudir este mediod\u00eda a la Fiscal\u00eda General de la Rep\u00fablica (FGR) a presentar la denuncia por el crimen, la legisladora petisa destac\u00f3 que funcionarios de Oaxaca y al menos dos secretarios del gabinete han sido omisos luego de darse a conocer la red de pornograf\u00eda en la que se difundieron videos e im\u00e1genes principalmente de mujeres de comunidades mixe.<\/p>\n\n\n\n<p>\u201cYo le dije a Mario Delgado, oye \u00e9l (Azael) estaba en ese grupo de WhatsApp y nadie lo ha querido investigar\u201d, coment\u00f3.<\/p>\n\n\n\n<p>Adem\u00e1s, el pasado 27 de marzo, un mes antes de darse a conocer el asesinato de la activista mixe y su marido, la petista pidi\u00f3 apoyo a Citlalli Hern\u00e1ndez, titular de la Secretar\u00eda de las Mujeres, \u201cquien ya no ha respondido a su petici\u00f3n\u201d.<\/p>\n\n\n\n<p>La diputada del PT record\u00f3 que la abogada Sandra Est\u00e9fana denunci\u00f3 la red de pornograf\u00eda en 2020, \u201cpero en Oaxaca no lo toman como invasi\u00f3n a la privacidad\u201d.<\/p>\n\n\n\n<p>Otro de los presuntos implicados es, \u201cRolando V\u00e1zquez quien era titular del Instituto Nacional de los Pueblos Ind\u00edgenas (INPI), fue sacrificado en su cargo, pero Adelfo (Regino) no quiso que se investigara a fondo ese grupo\u201d.<\/p>\n\n\n\n<p>\u201cA Adelfo le correspond\u00eda investigar a ese grupo porque Rolando era un servidor p\u00fablico, creo que ahora radica en Estados Unidos, ya no trabaja en M\u00e9xico\u201d.<\/p>\n\n\n\n<p>El 24 de marzo de 2020, luego de que la activista mixe denunci\u00f3 la red de pornograf\u00eda, Adelfo Regino inform\u00f3 en conferencia de prensa que turn\u00f3 el asunto al \u00d3rgano Interno de Control del INPI y minimiz\u00f3 los chats.<\/p>\n\n\n\n<p>\u201cEntiendo que son gente de Oaxaca, son ciudadanos y como cualquier ciudadano tienen sus grupos de Whatsapp\u201d, afirm\u00f3 ese d\u00eda el padrino pol\u00edtico del ministro presidente electo de la Suprema Corte de Justicia de la Naci\u00f3n, Hugo Aguilar.<\/p>\n\n\n\n<p>Uno m\u00e1s es Humberto Santos, quien era presidente municipal de Santa Mar\u00eda Zacatepec; ante las acusaciones fue borrado de las listas de Morena a una diputaci\u00f3n en 2021.<\/p>\n\n\n\n<p>\u201cSantos es quien crea uno de los dos grupos de WhatsApp y lo integra Donato Vargas Jim\u00e9nez, actual coordinador de delegados de paz social en el gobierno de Oaxaca que encabeza Salom\u00f3n Jara\u201d, asegur\u00f3.<\/p>\n\n\n\n<p>La diputada del PT mencion\u00f3 que \u201cDonato Vargas acudi\u00f3 a declarar a la Fiscal\u00eda de Oaxaca y \u00e9l confirma que formaba parte de ese grupo de WhatsApp, pero que \u00e9l no hab\u00eda subido fotos\u201d.<\/p>\n\n\n\n<p>\u201cAdem\u00e1s, en el chat estaba Pablo D\u00edaz Jim\u00e9nez, que fue diputado local de Morena, quien gusta de tomarse fotos con armas para uso exclusivo del ej\u00e9rcito\u201d, destac\u00f3 la diputada Aracely Cruz.<\/p>\n\n\n\n<p>(Informaci\u00f3n de \u201cLatinus\u201d)<\/p>\n","protected":false},"excerpt":{"rendered":"<p>Redacci\u00f3n\/Zona Roja Cdmx. Ciudad de M\u00e9xico, a 27 de agosto de 2025.- El Enlace legislativo&hellip;<\/p>\n","protected":false},"author":2,"featured_media":83965,"comment_status":"closed","ping_status":"open","sticky":false,"template":"","format":"standard","meta":{"_lmt_disableupdate":"","_lmt_disable":"","_jetpack_memberships_contains_paid_content":false,"footnotes":""},"categories":[109,47],"tags":[1381],"class_list":["post-83963","post","type-post","status-publish","format-standard","has-post-thumbnail","hentry","category-minuto-a-minuto","category-zona-gris","tag-azael-santiago-chepi"],"jetpack_featured_media_url":"https:\/\/zonaroja.com.mx\/wp-content\/uploads\/2025\/08\/Azael-Santiago-Chepi-Mario-Delgado.webp","jetpack_sharing_enabled":true,"_links":{"self":[{"href":"https:\/\/zonaroja.com.mx\/index.php?rest_route=\/wp\/v2\/posts\/83963","targetHints":{"allow":["GET"]}}],"collection":[{"href":"https:\/\/zonaroja.com.mx\/index.php?rest_route=\/wp\/v2\/posts"}],"about":[{"href":"https:\/\/zonaroja.com.mx\/index.php?rest_route=\/wp\/v2\/types\/post"}],"author":[{"embeddable":true,"href":"https:\/\/zonaroja.com.mx\/index.php?rest_route=\/wp\/v2\/users\/2"}],"replies":[{"embeddable":true,"href":"https:\/\/zonaroja.com.mx\/index.php?rest_route=%2Fwp%2Fv2%2Fcomments&post=83963"}],"version-history":[{"count":1,"href":"https:\/\/zonaroja.com.mx\/index.php?rest_route=\/wp\/v2\/posts\/83963\/revisions"}],"predecessor-version":[{"id":83966,"href":"https:\/\/zonaroja.com.mx\/index.php?rest_route=\/wp\/v2\/posts\/83963\/revisions\/83966"}],"wp:featuredmedia":[{"embeddable":true,"href":"https:\/\/zonaroja.com.mx\/index.php?rest_route=\/wp\/v2\/media\/83965"}],"wp:attachment":[{"href":"https:\/\/zonaroja.com.mx\/index.php?rest_route=%2Fwp%2Fv2%2Fmedia&parent=83963"}],"wp:term":[{"taxonomy":"category","embeddable":true,"href":"https:\/\/zonaroja.com.mx\/index.php?rest_route=%2Fwp%2Fv2%2Fcategories&post=83963"},{"taxonomy":"post_tag","embeddable":true,"href":"https:\/\/zonaroja.com.mx\/index.php?rest_route=%2Fwp%2Fv2%2Ftags&post=83963"}],"curies":[{"name":"wp","href":"https:\/\/api.w.org\/{rel}","templated":true}]}}