{"id":83967,"date":"2025-08-27T08:15:00","date_gmt":"2025-08-27T14:15:00","guid":{"rendered":"https:\/\/zonaroja.com.mx\/?p=83967"},"modified":"2025-08-27T07:01:34","modified_gmt":"2025-08-27T13:01:34","slug":"inician-regulacion-de-terrazas-comerciales-en-la-ciudad-de-oaxaca","status":"publish","type":"post","link":"https:\/\/zonaroja.com.mx\/?p=83967","title":{"rendered":"Inician regulaci\u00f3n de terrazas comerciales en la ciudad de Oaxaca"},"content":{"rendered":"\n<p>Lisbeth Mej\u00eda Reyes\/Zona Roja.<\/p>\n\n\n\n<p>Oaxaca, Oax., a 27 de agosto de 2025.- Con la aprobaci\u00f3n de cambios al Reglamento de Aplicaci\u00f3n del Plan Parcial del Centro Hist\u00f3rico, el ayuntamiento de Oaxaca de Ju\u00e1rez comenz\u00f3 la regulaci\u00f3n de las terrazas comerciales que operan en esta zona de monumentos y patrimonio mundial.<\/p>\n\n\n\n<p>Se espera que estos requisitos sean cumplidos por las y los responsables de aproximadamente 400 terrazas comerciales que operan en las azoteas de los inmuebles del Centro Hist\u00f3rico, para lo cual habr\u00e1 30 d\u00edas para iniciar los tr\u00e1mites respectivos y seis meses a partir de la entrada en vigor de las medidas para que estas se acaten.<\/p>\n\n\n\n<p>Estos requisitos o cambios hechos al reglamento que est\u00e1 vigente desde diciembre de 2023 son cuatro: que el establecimiento cuente con un dictamen estructural sobre la capacidad y soporte de la carga en la azotea; que la primera cruj\u00eda quede libre y las estructuras no sean visibles desde la calle; que haya salidas de emergencia, y que las construcciones permanentes en las azoteas sean de m\u00e1ximo el 40 por ciento del \u00e1rea.<\/p>\n\n\n\n<p>De acuerdo con el presidente municipal, Raymundo Chagoya Villanueva, se est\u00e1 privilegiando la seguridad de las personas que acuden a estos establecimientos y la conservaci\u00f3n de la imagen urbana por la cual el Centro Hist\u00f3rico es patrimonio mundial (declaratoria otorgada en diciembre de 1987 por la Organizaci\u00f3n de las Naciones Unidas para la Educaci\u00f3n, la Ciencia y la Cultura, Unesco).<\/p>\n\n\n\n<p>La necesidad de regular las terrazas ya se hab\u00eda contemplado en el reglamento que aprob\u00f3 en 2021 la administraci\u00f3n del ex presidente Oswaldo Garc\u00eda Jarqu\u00edn, pero que no se aplic\u00f3.&nbsp;<\/p>\n\n\n\n<p>Tambi\u00e9n se hab\u00eda abordado en el reglamento que aprob\u00f3 el ayuntamiento en diciembre de 2023 con el ex edil Francisco Mart\u00ednez, aunque de igual manera qued\u00f3 solamente en papel.&nbsp;<\/p>\n\n\n\n<p>Ahora, el presidente Raymundo Chagoya Villanueva confi\u00f3 en su aplicaci\u00f3n al lograrse avances y claridad en los requisitos.<\/p>\n\n\n\n<p>Al igual que con la regulaci\u00f3n de las terrazas comerciales, que se ha trabajado de la mano con el Instituto Nacional de Antropolog\u00eda e Historia, el concejal adelant\u00f3 que tambi\u00e9n se alistan regulaciones para los recorridos y calendas. Asimismo, para la operaci\u00f3n de los alojamientos temporales de plataformas como Airbnb.<\/p>\n","protected":false},"excerpt":{"rendered":"<p>Lisbeth Mej\u00eda Reyes\/Zona Roja. Oaxaca, Oax., a 27 de agosto de 2025.- Con la aprobaci\u00f3n&hellip;<\/p>\n","protected":false},"author":2,"featured_media":83968,"comment_status":"closed","ping_status":"open","sticky":false,"template":"","format":"standard","meta":{"_lmt_disableupdate":"","_lmt_disable":"","_jetpack_memberships_contains_paid_content":false,"footnotes":""},"categories":[109,46],"tags":[148,4403],"class_list":["post-83967","post","type-post","status-publish","format-standard","has-post-thumbnail","hentry","category-minuto-a-minuto","category-zona-blanca","tag-oaxaca-de-juarez","tag-ray-chagoya"],"jetpack_featured_media_url":"https:\/\/zonaroja.com.mx\/wp-content\/uploads\/2025\/08\/Sesion-Cabildo-Ray-Chagoya.jpg","jetpack_sharing_enabled":true,"_links":{"self":[{"href":"https:\/\/zonaroja.com.mx\/index.php?rest_route=\/wp\/v2\/posts\/83967","targetHints":{"allow":["GET"]}}],"collection":[{"href":"https:\/\/zonaroja.com.mx\/index.php?rest_route=\/wp\/v2\/posts"}],"about":[{"href":"https:\/\/zonaroja.com.mx\/index.php?rest_route=\/wp\/v2\/types\/post"}],"author":[{"embeddable":true,"href":"https:\/\/zonaroja.com.mx\/index.php?rest_route=\/wp\/v2\/users\/2"}],"replies":[{"embeddable":true,"href":"https:\/\/zonaroja.com.mx\/index.php?rest_route=%2Fwp%2Fv2%2Fcomments&post=83967"}],"version-history":[{"count":1,"href":"https:\/\/zonaroja.com.mx\/index.php?rest_route=\/wp\/v2\/posts\/83967\/revisions"}],"predecessor-version":[{"id":83969,"href":"https:\/\/zonaroja.com.mx\/index.php?rest_route=\/wp\/v2\/posts\/83967\/revisions\/83969"}],"wp:featuredmedia":[{"embeddable":true,"href":"https:\/\/zonaroja.com.mx\/index.php?rest_route=\/wp\/v2\/media\/83968"}],"wp:attachment":[{"href":"https:\/\/zonaroja.com.mx\/index.php?rest_route=%2Fwp%2Fv2%2Fmedia&parent=83967"}],"wp:term":[{"taxonomy":"category","embeddable":true,"href":"https:\/\/zonaroja.com.mx\/index.php?rest_route=%2Fwp%2Fv2%2Fcategories&post=83967"},{"taxonomy":"post_tag","embeddable":true,"href":"https:\/\/zonaroja.com.mx\/index.php?rest_route=%2Fwp%2Fv2%2Ftags&post=83967"}],"curies":[{"name":"wp","href":"https:\/\/api.w.org\/{rel}","templated":true}]}}