{"id":83970,"date":"2025-08-27T09:00:00","date_gmt":"2025-08-27T15:00:00","guid":{"rendered":"https:\/\/zonaroja.com.mx\/?p=83970"},"modified":"2025-08-27T07:28:19","modified_gmt":"2025-08-27T13:28:19","slug":"juchitan-de-nuevo-ejecutan-a-mototaxista-y-calcinan-su-unidad","status":"publish","type":"post","link":"https:\/\/zonaroja.com.mx\/?p=83970","title":{"rendered":"Juchit\u00e1n de nuevo: ejecutan a mototaxista y calcinan su unidad\u00a0"},"content":{"rendered":"\n<p>Raymundo Morales\/Zona Roja.<\/p>\n\n\n\n<p>Oaxaca, Oax., a 27 de agosto de 2025.- Apenas regresaron los polic\u00edas municipales al servicio y la ola criminal se intensific\u00f3 en Juchit\u00e1n de Zaragoza.<\/p>\n\n\n\n<p>Anoche, en la calle Azucenas de la colonia Virgen de Guadalupe fue acribillado un joven, que perdi\u00f3 la vida al instante; el cuerpo presenta varios impactos de arma de fuego y estaba cubierto con una cobija; adem\u00e1s, le dejaron un presunto narcomensaje.<\/p>\n\n\n\n<p>Mientras que el mototaxi se hall\u00f3 calcinado en la misma zona, sin que hasta el momento las autoridades policiacas y ministeriales cuenten con los datos sobre las causas del crimen.<\/p>\n\n\n\n<p>Personal de la Vicefiscal\u00eda Regional del Istmo, dependiente de la Fiscal\u00eda General del Estado realiza las indagatorias correspondientes y de manera preliminar la v\u00edctima fue identificada como Jos\u00e9 Carlos L. H.<\/p>\n\n\n\n<p>El pasado lunes, el ayuntamiento de Juchit\u00e1n, que preside Miguel S\u00e1nchez Altamirano, del Partido Morena, anunci\u00f3 la reincorporaci\u00f3n de la mayor\u00eda de polic\u00edas a sus funciones, tras dos meses de que fueron suspendidos para que se les aplicara a nivel estatal el examen de control y confianza.<\/p>\n\n\n\n<p>EN LA MIXTECA<\/p>\n\n\n\n<p>Por otra parte, ayer por la tarde en el municipio de Huajuapan de Le\u00f3n fue asesinado a balazos un individuo, de aproximadamente 73 a\u00f1os de edad.<\/p>\n\n\n\n<p>El crimen se perpetr\u00f3 en un domicilio ubicado en el fraccionamiento Los Limones, en la agencia de Santa Mar\u00eda Xochixtlapilco. <\/p>\n\n\n\n<p>La v\u00edctima a\u00fan no ha sido identificada legalmente pero presuntamente el asesinato ocurri\u00f3 por el robo de pertenencias del individuo, quien supuestamente opuso resistencia; la Vicefiscal\u00eda Regional de la Costa contin\u00faa las investigaciones.<\/p>\n\n\n\n<p>EN LA COSTA<\/p>\n\n\n\n<p>En tanto, la Vicefiscal\u00eda Regional de la Costa indaga el asesinato de una persona del sexo masculino, ocurrido la tarde del pasado lunes en Santa Mar\u00eda Colotepec, municipio de la regi\u00f3n Costa del estado.<\/p>\n\n\n\n<p>El cuerpo que presentaba m\u00faltiples impactos de bala fue hallado en el interior de una unidad de motor en inmediaciones de la localidad de Valdeflores; seg\u00fan los primeros datos, respondi\u00f3 en vida al nombre de Oliverio \u201cN\u201d, de 67 a\u00f1os de edad.<\/p>\n\n\n\n<p>Hasta el momento no hay m\u00e1s indicios respecto a las causas por las cuales el individuo de la tercera edad fue ultimado.<\/p>\n","protected":false},"excerpt":{"rendered":"<p>Raymundo Morales\/Zona Roja. Oaxaca, Oax., a 27 de agosto de 2025.- Apenas regresaron los polic\u00edas&hellip;<\/p>\n","protected":false},"author":2,"featured_media":74062,"comment_status":"closed","ping_status":"open","sticky":false,"template":"","format":"standard","meta":{"_lmt_disableupdate":"","_lmt_disable":"","_jetpack_memberships_contains_paid_content":false,"footnotes":""},"categories":[109,47],"tags":[297,594],"class_list":["post-83970","post","type-post","status-publish","format-standard","has-post-thumbnail","hentry","category-minuto-a-minuto","category-zona-gris","tag-ejecutado-juchitan","tag-huajuapan-de-leon"],"jetpack_featured_media_url":"https:\/\/zonaroja.com.mx\/wp-content\/uploads\/2024\/11\/Escena-del-crimen-1.jpg","jetpack_sharing_enabled":true,"_links":{"self":[{"href":"https:\/\/zonaroja.com.mx\/index.php?rest_route=\/wp\/v2\/posts\/83970","targetHints":{"allow":["GET"]}}],"collection":[{"href":"https:\/\/zonaroja.com.mx\/index.php?rest_route=\/wp\/v2\/posts"}],"about":[{"href":"https:\/\/zonaroja.com.mx\/index.php?rest_route=\/wp\/v2\/types\/post"}],"author":[{"embeddable":true,"href":"https:\/\/zonaroja.com.mx\/index.php?rest_route=\/wp\/v2\/users\/2"}],"replies":[{"embeddable":true,"href":"https:\/\/zonaroja.com.mx\/index.php?rest_route=%2Fwp%2Fv2%2Fcomments&post=83970"}],"version-history":[{"count":1,"href":"https:\/\/zonaroja.com.mx\/index.php?rest_route=\/wp\/v2\/posts\/83970\/revisions"}],"predecessor-version":[{"id":83971,"href":"https:\/\/zonaroja.com.mx\/index.php?rest_route=\/wp\/v2\/posts\/83970\/revisions\/83971"}],"wp:featuredmedia":[{"embeddable":true,"href":"https:\/\/zonaroja.com.mx\/index.php?rest_route=\/wp\/v2\/media\/74062"}],"wp:attachment":[{"href":"https:\/\/zonaroja.com.mx\/index.php?rest_route=%2Fwp%2Fv2%2Fmedia&parent=83970"}],"wp:term":[{"taxonomy":"category","embeddable":true,"href":"https:\/\/zonaroja.com.mx\/index.php?rest_route=%2Fwp%2Fv2%2Fcategories&post=83970"},{"taxonomy":"post_tag","embeddable":true,"href":"https:\/\/zonaroja.com.mx\/index.php?rest_route=%2Fwp%2Fv2%2Ftags&post=83970"}],"curies":[{"name":"wp","href":"https:\/\/api.w.org\/{rel}","templated":true}]}}