{"id":83974,"date":"2025-08-27T11:00:00","date_gmt":"2025-08-27T17:00:00","guid":{"rendered":"https:\/\/zonaroja.com.mx\/?p=83974"},"modified":"2025-08-27T08:01:04","modified_gmt":"2025-08-27T14:01:04","slug":"inician-brigadas-para-localizacion-de-personas-desaparecidas-en-oaxaca","status":"publish","type":"post","link":"https:\/\/zonaroja.com.mx\/?p=83974","title":{"rendered":"Inician brigadas para localizaci\u00f3n de personas desaparecidas en Oaxaca"},"content":{"rendered":"\n<p>Redacci\u00f3n\/Zona Roja.&nbsp;<\/p>\n\n\n\n<p>Oaxaca, Oax., a 27 de agosto de 2025.- A fin de fortalecer los procesos de localizaci\u00f3n de las personas desaparecidas, garantizar el respeto a los derechos humanos y brindar un acompa\u00f1amiento digno a las familias, el gobernador Salom\u00f3n Jara Cruz inaugur\u00f3 la Primera Brigada de Entrevistas y Toma de Muestras Gen\u00e9ticas en el estado de Oaxaca.<\/p>\n\n\n\n<p>Esta actividad realizada en el marco del D\u00eda Internacional de las V\u00edctimas de Desapariciones Forzadas, tiene como objetivo recabar informaci\u00f3n que ser\u00e1 integrada a la base de datos nacional, para comparar perfiles de personas desaparecidas con los de sus familiares m\u00e1s cercanos.<\/p>\n\n\n\n<p>Durante el evento efectuado en Palacio de Gobierno, el mandatario estatal destac\u00f3 que este esfuerzo parte de la convicci\u00f3n de construir un Oaxaca m\u00e1s seguro, justo y en paz, trabajando siempre con la participaci\u00f3n de la sociedad.<\/p>\n\n\n\n<p>\u201cEstas brigadas representan un paso firme hacia la reparaci\u00f3n hist\u00f3rica que debemos a nuestros pueblos y comunidades. Queremos que las familias tengan acceso pleno a la justicia y mantengan viva la esperanza de reencontrarse con sus seres queridos\u201d, subray\u00f3.<\/p>\n\n\n\n<p>En su oportunidad la directora de Investigaci\u00f3n y Registro Forense de la Comisi\u00f3n Nacional de B\u00fasqueda (CNB), Areli Santos Alatorre, enfatiz\u00f3 que esta tarea debe realizarse siempre bajo la presunci\u00f3n de vida. \u201cSe trata de devolver la dignidad a las familias y brindar certeza sobre el paradero de sus seres queridos\u201d, dijo.<\/p>\n\n\n\n<p>La titular de la Comisi\u00f3n Estatal de B\u00fasqueda de Personas Desaparecidas para el Estado de Oaxaca (CLB), Michel Juli\u00e1n L\u00f3pez, explic\u00f3 que estas brigadas est\u00e1n disponibles del 26 al 28 de agosto en el Palacio de Gobierno, y llegar\u00e1n los d\u00edas 29 y 30 a la localidad de Brisas de Zicatela, Santa Mar\u00eda Colotepec.<\/p>\n\n\n\n<p>Al t\u00e9rmino de la actividad, el Gobierno del Estado firm\u00f3 un convenio de colaboraci\u00f3n con el Instituto de Ciencias de la Educaci\u00f3n de la Universidad Aut\u00f3noma Benito Ju\u00e1rez de Oaxaca (UABJO) y el Colegio Libre de Estudios Universitarios (CLEU), para que las y los estudiantes coadyuven directamente en las acciones de b\u00fasqueda de personas desaparecidas, siendo esta una tarea que demanda compromiso, solidaridad y esperanza.<\/p>\n\n\n\n<p>ABASTO DE MEDICINAS<\/p>\n\n\n\n<p>Previamente, durante su conferencia de prensa, el gobernador Jara Cruz habl\u00f3 de las acciones implementadas a trav\u00e9s del programa federal de abasto de medicinas.<\/p>\n\n\n\n<p>Detall\u00f3 que, a una semana del arranque de las Rutas de Salud en el estado, ya se entregaron mil 56 kits con medicinas en la totalidad de unidades m\u00e9dicas de primer nivel que hay en Oaxaca.<\/p>\n\n\n\n<p>Detall\u00f3 que estos medicamentos llegaron a 767 centros de salud situados en las seis jurisdicciones: Valles Centrales, Istmo, Tuxtepec, Costa, Mixteca y Sierra, con lo cual, alcanzan, en promedio, un abasto de estos insumos en un 80 por ciento.<\/p>\n\n\n\n<p>\u201cLas rutas de la salud ya han llegado a todas las comunidades y seguiremos trabajando para mantener los porcentajes de abasto de acuerdo con las necesidades de la gente\u201d.&nbsp;<\/p>\n\n\n\n<p>En tanto, el jefe de los Servicios de Atenci\u00f3n a la Salud del IMSS-Bienestar Oaxaca, Ad\u00e1n Pacheco Ram\u00edrez inform\u00f3 que, del 26 al 29 de agosto, los 44 hospitales de segundo y tercer nivel, as\u00ed como, Unidades de Especialidades M\u00e9dicas (Unemes) situados en el estado, a trav\u00e9s de 12 rutas, recibir\u00e1n 90 kits con 488 claves de f\u00e1rmacos y 432 claves de material de curaci\u00f3n.<\/p>\n\n\n\n<p>Por instrucciones del Gobernador, esta estrategia dar\u00e1 seguimiento puntual a los hospitales: General IMSS-Bienestar de Tuxtepec, General Doctor Aurelio&nbsp;Valdivieso&nbsp;IMSS-Bienestar,&nbsp;de la Ni\u00f1ez&nbsp;Oaxaque\u00f1a (HNO) \u201cDoctor Guillermo Z\u00e1rate Mijangos\u201d, General de la Mujer y la Ni\u00f1ez Oaxaque\u00f1a y Regional de Alta Especialidad de Oaxaca.<\/p>\n\n\n\n<p>Actualmente, los 39 hospitales de segundo nivel cuentan con un 75 por ciento de abasto de medicinas. Respecto a las provisiones de medicamentos oncol\u00f3gicos, Pacheco Ram\u00edrez detall\u00f3 que el Hospital de la Ni\u00f1ez Oaxaque\u00f1a cuenta con un 67 por ciento de abasto, el Hospital Regional de Alta Especialidad de Oaxaca, con 77 por ciento; y el Centro Oncol\u00f3gico y Radioterapia de Oaxaca, el 85 por ciento.<\/p>\n","protected":false},"excerpt":{"rendered":"<p>Redacci\u00f3n\/Zona Roja.&nbsp; Oaxaca, Oax., a 27 de agosto de 2025.- A fin de fortalecer los&hellip;<\/p>\n","protected":false},"author":2,"featured_media":83978,"comment_status":"closed","ping_status":"open","sticky":false,"template":"","format":"standard","meta":{"_lmt_disableupdate":"","_lmt_disable":"","_jetpack_memberships_contains_paid_content":false,"footnotes":""},"categories":[109,46],"tags":[939],"class_list":["post-83974","post","type-post","status-publish","format-standard","has-post-thumbnail","hentry","category-minuto-a-minuto","category-zona-blanca","tag-salomon-jara-cruz"],"jetpack_featured_media_url":"https:\/\/zonaroja.com.mx\/wp-content\/uploads\/2025\/08\/Inicia-Gobierno-de-Salomon-Jara-brigadas-para-localizacion-de-personas-desaparecidas-en-Oaxaca-3.jpeg","jetpack_sharing_enabled":true,"_links":{"self":[{"href":"https:\/\/zonaroja.com.mx\/index.php?rest_route=\/wp\/v2\/posts\/83974","targetHints":{"allow":["GET"]}}],"collection":[{"href":"https:\/\/zonaroja.com.mx\/index.php?rest_route=\/wp\/v2\/posts"}],"about":[{"href":"https:\/\/zonaroja.com.mx\/index.php?rest_route=\/wp\/v2\/types\/post"}],"author":[{"embeddable":true,"href":"https:\/\/zonaroja.com.mx\/index.php?rest_route=\/wp\/v2\/users\/2"}],"replies":[{"embeddable":true,"href":"https:\/\/zonaroja.com.mx\/index.php?rest_route=%2Fwp%2Fv2%2Fcomments&post=83974"}],"version-history":[{"count":1,"href":"https:\/\/zonaroja.com.mx\/index.php?rest_route=\/wp\/v2\/posts\/83974\/revisions"}],"predecessor-version":[{"id":83979,"href":"https:\/\/zonaroja.com.mx\/index.php?rest_route=\/wp\/v2\/posts\/83974\/revisions\/83979"}],"wp:featuredmedia":[{"embeddable":true,"href":"https:\/\/zonaroja.com.mx\/index.php?rest_route=\/wp\/v2\/media\/83978"}],"wp:attachment":[{"href":"https:\/\/zonaroja.com.mx\/index.php?rest_route=%2Fwp%2Fv2%2Fmedia&parent=83974"}],"wp:term":[{"taxonomy":"category","embeddable":true,"href":"https:\/\/zonaroja.com.mx\/index.php?rest_route=%2Fwp%2Fv2%2Fcategories&post=83974"},{"taxonomy":"post_tag","embeddable":true,"href":"https:\/\/zonaroja.com.mx\/index.php?rest_route=%2Fwp%2Fv2%2Ftags&post=83974"}],"curies":[{"name":"wp","href":"https:\/\/api.w.org\/{rel}","templated":true}]}}