{"id":8398,"date":"2020-02-04T11:42:17","date_gmt":"2020-02-04T17:42:17","guid":{"rendered":"https:\/\/www.zonaroja.com.mx\/?p=8398"},"modified":"2020-02-04T11:43:38","modified_gmt":"2020-02-04T17:43:38","slug":"confirman-renuncia-del-comisionado-de-la-policia-estatal-por-motivos-personales","status":"publish","type":"post","link":"https:\/\/zonaroja.com.mx\/?p=8398","title":{"rendered":"Confirman renuncia del Comisionado de la Polic\u00eda Estatal, por motivos personales"},"content":{"rendered":"\n<p class=\"MsoNormal\">Yuridiana Sosa\/Zona Roja &nbsp;<\/p>\n\n\n\n<p class=\"MsoNormal\">Oaxaca de Ju\u00e1rez, Oax., 4 de febrero de 2020.- A siete meses de tomar el cargo como Comisionado de la Polic\u00eda Estatal de la Secretar\u00eda de Seguridad P\u00fablica de Oaxaca, el comisario Ra\u00fal Antonio Castillejos Sol\u00eds renunci\u00f3 a sus funciones este fin de semana.&nbsp;<\/p>\n\n\n\n<p class=\"MsoNormal\">Fuentes de la dependencia confirmaron que fue por motivos de \u00edndole personal, y no tienen nada que ver con las estrategias que se aplican en materia de seguridad &nbsp;<\/p>\n\n\n\n<p class=\"MsoNormal\">Castillejos Sol\u00eds lleg\u00f3 al cargo el 3 de julio de 2019, a una semana del nombramiento de Ra\u00fal Ernesto Salcedo como titular de la dependencia.<\/p>\n\n\n\n<p class=\"MsoNormal\">El Comisionado fungi\u00f3 anteriormente como titular de la Divisi\u00f3n de Seguridad Regional de la Polic\u00eda Federal, y quien sustituy\u00f3 a Jos\u00e9 Aniceto S\u00e1nchez Saldierna.<\/p>\n\n\n\n<p class=\"MsoNormal\">Fuentes de la SSPO a\u00f1adieron que se reconoce la labor que emprendi\u00f3 Castillejos Sol\u00eds y que ya se revisan perfiles, con base a capacidad, profesionalismo y experiencia, para designar al nuevo mando de la Polic\u00eda Estatal. <\/p>\n","protected":false},"excerpt":{"rendered":"<p>Yuridiana Sosa\/Zona Roja &nbsp; Oaxaca de Ju\u00e1rez, Oax., 4 de febrero de 2020.- A siete&hellip;<\/p>\n","protected":false},"author":2,"featured_media":8397,"comment_status":"closed","ping_status":"open","sticky":false,"template":"","format":"standard","meta":{"_lmt_disableupdate":"","_lmt_disable":"","_jetpack_memberships_contains_paid_content":false,"footnotes":""},"categories":[109,47],"tags":[1342],"class_list":["post-8398","post","type-post","status-publish","format-standard","has-post-thumbnail","hentry","category-minuto-a-minuto","category-zona-gris","tag-raul-antonio-castillejos-solis"],"jetpack_featured_media_url":"https:\/\/zonaroja.com.mx\/wp-content\/uploads\/2020\/02\/img_5448.jpg","jetpack_sharing_enabled":true,"_links":{"self":[{"href":"https:\/\/zonaroja.com.mx\/index.php?rest_route=\/wp\/v2\/posts\/8398","targetHints":{"allow":["GET"]}}],"collection":[{"href":"https:\/\/zonaroja.com.mx\/index.php?rest_route=\/wp\/v2\/posts"}],"about":[{"href":"https:\/\/zonaroja.com.mx\/index.php?rest_route=\/wp\/v2\/types\/post"}],"author":[{"embeddable":true,"href":"https:\/\/zonaroja.com.mx\/index.php?rest_route=\/wp\/v2\/users\/2"}],"replies":[{"embeddable":true,"href":"https:\/\/zonaroja.com.mx\/index.php?rest_route=%2Fwp%2Fv2%2Fcomments&post=8398"}],"version-history":[{"count":1,"href":"https:\/\/zonaroja.com.mx\/index.php?rest_route=\/wp\/v2\/posts\/8398\/revisions"}],"predecessor-version":[{"id":8399,"href":"https:\/\/zonaroja.com.mx\/index.php?rest_route=\/wp\/v2\/posts\/8398\/revisions\/8399"}],"wp:featuredmedia":[{"embeddable":true,"href":"https:\/\/zonaroja.com.mx\/index.php?rest_route=\/wp\/v2\/media\/8397"}],"wp:attachment":[{"href":"https:\/\/zonaroja.com.mx\/index.php?rest_route=%2Fwp%2Fv2%2Fmedia&parent=8398"}],"wp:term":[{"taxonomy":"category","embeddable":true,"href":"https:\/\/zonaroja.com.mx\/index.php?rest_route=%2Fwp%2Fv2%2Fcategories&post=8398"},{"taxonomy":"post_tag","embeddable":true,"href":"https:\/\/zonaroja.com.mx\/index.php?rest_route=%2Fwp%2Fv2%2Ftags&post=8398"}],"curies":[{"name":"wp","href":"https:\/\/api.w.org\/{rel}","templated":true}]}}