{"id":83980,"date":"2025-08-27T12:00:00","date_gmt":"2025-08-27T18:00:00","guid":{"rendered":"https:\/\/zonaroja.com.mx\/?p=83980"},"modified":"2025-08-27T08:18:07","modified_gmt":"2025-08-27T14:18:07","slug":"alertan-riesgo-de-violencia-de-nuevo-en-comunidades-de-atatlahuca","status":"publish","type":"post","link":"https:\/\/zonaroja.com.mx\/?p=83980","title":{"rendered":"Alertan riesgo de violencia, de nuevo, en comunidades de Atatlahuca"},"content":{"rendered":"\n<p>Raymundo Morales\/Zona Roja.<\/p>\n\n\n\n<p>Oaxaca, Oax., a 27 de agosto de 2025.- La asociaci\u00f3n civil Cedhapi y representantes comunitarios alertaron de nuevo sobre riesgos de violencia en la agencia municipal de Guerrero Grande, San Esteban Atatlahuca.<\/p>\n\n\n\n<p>En un comunicado, dieron a conocer que acudieron ayer a la representaci\u00f3n de la Fiscal\u00eda General del Estado con sede en la Heroica Ciudad&nbsp; de Tlaxiaco, para denunciar las amenazas directas y por una cuenta de Facebook &nbsp;que aparece con el nombre \u201cH Ayuntamiento Atatlahuca\u201d.<\/p>\n\n\n\n<p>En dicho perfil, explicaron, se encuentra un comunicado donde solicitan ayuda a todos los radicados de los 11 comunidades a que cooperen a comprar chintu y unos cuernos de vaca, refiri\u00e9ndose a comprar balas y armas de fuego \u201cvamos a limpiar todo\u201d; en la misma p\u00e1gina exhiben fotograf\u00edas de personas armadas, por lo que existe muchas amenazas de que van a atacar a la comunidad&nbsp; de Guerrero Grande.<\/p>\n\n\n\n<p>De igual manera el 22 de agosto de 2025, siendo aproximadamente a las nueve de la ma\u00f1ana en el momento que el representante de la comunidad de Guerrero Grande se encontraba en el paraje \u201cYucukunu\u201d en compa\u00f1\u00eda de vecinos de la misma comunidad con el motivo de realizar un tequio y poder limpiar el camino carretero, se percataron que se encontraba una patrulla del municipio de San Esteban Atatlahuca tapando el camino.<\/p>\n\n\n\n<p>\u201cViendo que se encontraban varias personas portando armas de fuego, sin que los dejaran pasar amenaz\u00e1ndolos de muerte, diciendo que no pueden pasar porque ese territorio es de ellos\u201d.<\/p>\n\n\n\n<p>Por tal raz\u00f3n al denunciar estos hechos ante el Agente del Ministerio P\u00fablico de la Ciudad de Tlaxiaco emiti\u00f3 una medida de protecci\u00f3n urgente para prevenir da\u00f1os irreparables, carpetas de investigaci\u00f3n 23109\/TLAXIACO\/2025 y 23104\/TLAXIACO\/2025.<\/p>\n\n\n\n<p>Refirieron que existe una medida cautelar otorgada por la Comisi\u00f3n Interamericana de Derechos Humanos MC-1050-21, ya que en el a\u00f1o 2021 habitantes de las comunidades de Guerrero Grande, Mier y Ter\u00e1n, as\u00ed como la comunidad de Ndoyonoyuji sufrieron un ataque armado, en el cual fueron quemadas aproximadamente 100 casas, cinco personas desaparecidas, personas asesinadas y familias desplazadas.<\/p>\n\n\n\n<p>Los beneficiarios de Medidas Cautelares de las comunidades de Guerrero Grande, Mier y Ter\u00e1n, Ndoyonoyuji y el Centro de derechos Humanos y Asesor\u00eda a Pueblos Ind\u00edgenas A.C. solicitaron la intervenci\u00f3n urgente de las autoridades respectivas.<\/p>\n\n\n\n<p>El documento lo firman Prisciliano Bautista L\u00f3pez, representante de Guerrero Grande; Sebastiana Paz Bautista, representante de los desplazados de Ndoyonoyuji, y Maurilio Santiago Reyes, presidente de Cedhapi.<\/p>\n","protected":false},"excerpt":{"rendered":"<p>Raymundo Morales\/Zona Roja. Oaxaca, Oax., a 27 de agosto de 2025.- La asociaci\u00f3n civil Cedhapi&hellip;<\/p>\n","protected":false},"author":2,"featured_media":83981,"comment_status":"closed","ping_status":"open","sticky":false,"template":"","format":"standard","meta":{"_lmt_disableupdate":"","_lmt_disable":"","_jetpack_memberships_contains_paid_content":false,"footnotes":""},"categories":[109,47],"tags":[1025],"class_list":["post-83980","post","type-post","status-publish","format-standard","has-post-thumbnail","hentry","category-minuto-a-minuto","category-zona-gris","tag-san-esteban-atatlahuca"],"jetpack_featured_media_url":"https:\/\/zonaroja.com.mx\/wp-content\/uploads\/2025\/08\/San-Esteban-Atatlahuca.webp","jetpack_sharing_enabled":true,"_links":{"self":[{"href":"https:\/\/zonaroja.com.mx\/index.php?rest_route=\/wp\/v2\/posts\/83980","targetHints":{"allow":["GET"]}}],"collection":[{"href":"https:\/\/zonaroja.com.mx\/index.php?rest_route=\/wp\/v2\/posts"}],"about":[{"href":"https:\/\/zonaroja.com.mx\/index.php?rest_route=\/wp\/v2\/types\/post"}],"author":[{"embeddable":true,"href":"https:\/\/zonaroja.com.mx\/index.php?rest_route=\/wp\/v2\/users\/2"}],"replies":[{"embeddable":true,"href":"https:\/\/zonaroja.com.mx\/index.php?rest_route=%2Fwp%2Fv2%2Fcomments&post=83980"}],"version-history":[{"count":1,"href":"https:\/\/zonaroja.com.mx\/index.php?rest_route=\/wp\/v2\/posts\/83980\/revisions"}],"predecessor-version":[{"id":83982,"href":"https:\/\/zonaroja.com.mx\/index.php?rest_route=\/wp\/v2\/posts\/83980\/revisions\/83982"}],"wp:featuredmedia":[{"embeddable":true,"href":"https:\/\/zonaroja.com.mx\/index.php?rest_route=\/wp\/v2\/media\/83981"}],"wp:attachment":[{"href":"https:\/\/zonaroja.com.mx\/index.php?rest_route=%2Fwp%2Fv2%2Fmedia&parent=83980"}],"wp:term":[{"taxonomy":"category","embeddable":true,"href":"https:\/\/zonaroja.com.mx\/index.php?rest_route=%2Fwp%2Fv2%2Fcategories&post=83980"},{"taxonomy":"post_tag","embeddable":true,"href":"https:\/\/zonaroja.com.mx\/index.php?rest_route=%2Fwp%2Fv2%2Ftags&post=83980"}],"curies":[{"name":"wp","href":"https:\/\/api.w.org\/{rel}","templated":true}]}}