{"id":83983,"date":"2025-08-27T13:00:00","date_gmt":"2025-08-27T19:00:00","guid":{"rendered":"https:\/\/zonaroja.com.mx\/?p=83983"},"modified":"2025-08-27T13:33:27","modified_gmt":"2025-08-27T19:33:27","slug":"aqui-vivo-a-toda-m-presume-norona-su-casa-de-12-mdp-en-tepoztlan","status":"publish","type":"post","link":"https:\/\/zonaroja.com.mx\/?p=83983","title":{"rendered":"\u2018Aqu\u00ed vivo a toda m&#8230;\u2019: Presume Noro\u00f1a su casa de 12 mdp en Tepoztl\u00e1n"},"content":{"rendered":"\n<p>Redacci\u00f3n\/Zona Roja Cdmx.<\/p>\n\n\n\n<p>Ciudad de M\u00e9xico, a 27 de agosto de 2025.- A pocos d\u00edas de dejar la presidencia del Senado, Gerardo Fern\u00e1ndez Noro\u00f1a suma una nueva pol\u00e9mica, ahora relacionada con su casa ubicada en Tepoztl\u00e1n, Morelos, valuada en 12 millones de pesos.<\/p>\n\n\n\n<p>Noro\u00f1a, quien recientemente se burl\u00f3 del lugar del PRI en la mesa directiva del Senado, no neg\u00f3 dicha informaci\u00f3n, e incluso asegur\u00f3 que es p\u00fablica y se puede encontrar en su declaraci\u00f3n patrimonial; sin embargo, s\u00ed mostr\u00f3 molestia con periodistas que en conferencia de prensa cuestionaron su coherencia al obtener bienes de millones de pesos siendo representante de Morena y la 4T.<\/p>\n\n\n\n<p>\u201cYo no tengo ninguna obligaci\u00f3n personal de ser austero. Yo era franciscano, porque como hijo del pueblo, est\u00e1bamos bien fregados\u201d, mencion\u00f3 Noro\u00f1a, quien adem\u00e1s critic\u00f3 a funcionarios de la oposici\u00f3n por omitir informaci\u00f3n de sus declaraciones.<\/p>\n\n\n\n<p>Lo cierto es que el presidente del Senado mencion\u00f3 varias ocasiones el tema de su nueva casa durante a\u00f1os, esto dentro de las videocharlas en sus redes sociales. Incluso cuando tuvo Covid, durante la pandemia, coment\u00f3 que pas\u00f3 la mayor\u00eda del tiempo en ese lugar.<\/p>\n\n\n\n<p>A finales de junio, cuando coment\u00f3 que apoyar\u00eda a Laura Itzel Castillo si ella decidiera ser la pr\u00f3xima presidenta del Senado, Noro\u00f1a dijo lo feliz que era viviendo en Tepoztl\u00e1n, y que definitivamente tiene considerado irse a vivir all\u00e1 una vez que termine su trayectoria pol\u00edtica.<\/p>\n\n\n\n<p>Actualmente vive en el Centro Hist\u00f3rico de la Ciudad de M\u00e9xico; sin embargo, mencion\u00f3 que cada que puede va para Morelos con su familia, y adem\u00e1s de estar en su casa, realiza caminatas en bosques.<\/p>\n\n\n\n<p>LA MANSI\u00d3N<\/p>\n\n\n\n<p>Una estatua de Buda, cer\u00e1mica de Guanajuato, adornos de caballos de la India, artesan\u00edas de Olinal\u00e1, Guerrero, as\u00ed como P\u00e1tzcuaro, Michoac\u00e1n, entre otros estados del pa\u00eds, la casa de Noro\u00f1a est\u00e1 llena de arte, as\u00ed como de vegetaci\u00f3n.<\/p>\n\n\n\n<p>Se ubica en una zona monta\u00f1osa de Tepoztl\u00e1n, y antes de entrar a la sala y rec\u00e1maras hay jardines, plantas, \u00e1rboles y terrazas donde Gerardo Fern\u00e1ndez Noro\u00f1a comenta que le gusta pasar el rato libre.<\/p>\n\n\n\n<p>Se trata de una casa que Noro\u00f1a, quien tambi\u00e9n ha sido acusado de viajes lujosos por Europa, le compr\u00f3 a una mujer, quien tambi\u00e9n le dej\u00f3 muebles y algunas artesan\u00edas; sin embargo, con los a\u00f1os el senador y su pareja le \u2018dieron su toque\u2019.<\/p>\n\n\n\n<p>\u201cSoy tan feliz en este lugar, aqu\u00ed me he recuperado y aqu\u00ed vivo a toda madre&#8230; Y antes de que mande el dron \u2018Loretito\u2019 (en referencia al periodista Carlos Loret de Mola), pues ya les ense\u00f1\u00e9. Para que arda la derecha diciendo tonter\u00edas&#8230; Para que ardan diciendo: \u2018no puedes vivir decorosamente, no es austero\u2019. Confunden los cretinos y mezquinos las pol\u00edticas p\u00fablicas con lo que t\u00fa hagas con tu dinero\u201d, coment\u00f3 Noro\u00f1a sobre sus lujos al presentar la casa cuando todav\u00eda la rentaba.<\/p>\n\n\n\n<p>Algunas de las caracter\u00edsticas de esta vivienda son:<\/p>\n\n\n\n<p>Una rec\u00e1mara principal.<\/p>\n\n\n\n<p>Dos rec\u00e1maras para invitados.<\/p>\n\n\n\n<p>Cocina.<\/p>\n\n\n\n<p>Comedor.<\/p>\n\n\n\n<p>Sala.<\/p>\n\n\n\n<p>Al menos dos estudios.<\/p>\n\n\n\n<p>Un jard\u00edn.<\/p>\n\n\n\n<p>Espacio de entrada con escaleras y \u00e1rboles.<\/p>\n\n\n\n<p>Una terraza.<\/p>\n\n\n\n<p>Todo lo anterior en un espacio de cerca de mil 200 metros cuadrados.<\/p>\n\n\n\n<p>(Nota de \u201cEl Financiero\u201d)<\/p>\n","protected":false},"excerpt":{"rendered":"<p>Redacci\u00f3n\/Zona Roja Cdmx. Ciudad de M\u00e9xico, a 27 de agosto de 2025.- A pocos d\u00edas&hellip;<\/p>\n","protected":false},"author":2,"featured_media":83984,"comment_status":"closed","ping_status":"open","sticky":false,"template":"","format":"standard","meta":{"_lmt_disableupdate":"","_lmt_disable":"","_jetpack_memberships_contains_paid_content":false,"footnotes":""},"categories":[109,47],"tags":[4256],"class_list":["post-83983","post","type-post","status-publish","format-standard","has-post-thumbnail","hentry","category-minuto-a-minuto","category-zona-gris","tag-gerardo-fernandez-norona"],"jetpack_featured_media_url":"https:\/\/zonaroja.com.mx\/wp-content\/uploads\/2025\/08\/Casa-Gerardo-Fernandez-Norona-Tepoztlan.jpeg","jetpack_sharing_enabled":true,"_links":{"self":[{"href":"https:\/\/zonaroja.com.mx\/index.php?rest_route=\/wp\/v2\/posts\/83983","targetHints":{"allow":["GET"]}}],"collection":[{"href":"https:\/\/zonaroja.com.mx\/index.php?rest_route=\/wp\/v2\/posts"}],"about":[{"href":"https:\/\/zonaroja.com.mx\/index.php?rest_route=\/wp\/v2\/types\/post"}],"author":[{"embeddable":true,"href":"https:\/\/zonaroja.com.mx\/index.php?rest_route=\/wp\/v2\/users\/2"}],"replies":[{"embeddable":true,"href":"https:\/\/zonaroja.com.mx\/index.php?rest_route=%2Fwp%2Fv2%2Fcomments&post=83983"}],"version-history":[{"count":2,"href":"https:\/\/zonaroja.com.mx\/index.php?rest_route=\/wp\/v2\/posts\/83983\/revisions"}],"predecessor-version":[{"id":83992,"href":"https:\/\/zonaroja.com.mx\/index.php?rest_route=\/wp\/v2\/posts\/83983\/revisions\/83992"}],"wp:featuredmedia":[{"embeddable":true,"href":"https:\/\/zonaroja.com.mx\/index.php?rest_route=\/wp\/v2\/media\/83984"}],"wp:attachment":[{"href":"https:\/\/zonaroja.com.mx\/index.php?rest_route=%2Fwp%2Fv2%2Fmedia&parent=83983"}],"wp:term":[{"taxonomy":"category","embeddable":true,"href":"https:\/\/zonaroja.com.mx\/index.php?rest_route=%2Fwp%2Fv2%2Fcategories&post=83983"},{"taxonomy":"post_tag","embeddable":true,"href":"https:\/\/zonaroja.com.mx\/index.php?rest_route=%2Fwp%2Fv2%2Ftags&post=83983"}],"curies":[{"name":"wp","href":"https:\/\/api.w.org\/{rel}","templated":true}]}}