{"id":83993,"date":"2025-08-27T19:42:51","date_gmt":"2025-08-28T01:42:51","guid":{"rendered":"https:\/\/zonaroja.com.mx\/?p=83993"},"modified":"2025-08-27T19:42:55","modified_gmt":"2025-08-28T01:42:55","slug":"exige-sociedad-civil-transparencia-en-proyecto-de-presa-margarita-maza","status":"publish","type":"post","link":"https:\/\/zonaroja.com.mx\/?p=83993","title":{"rendered":"Exige sociedad civil transparencia en proyecto de presa \u201cMargarita Maza\u201d"},"content":{"rendered":"\n<p>Lisbeth Mej\u00eda Reyes\/Zona Roja.<\/p>\n\n\n\n<p>Oaxaca, Oax., a 27 de agosto de 2025.- El Observatorio Ciudadano Comunitario del Agua y Medio Ambiente de los Valles Centrales de Oaxaca (OCCAMA) cuestion\u00f3 la viabilidad del proyecto de la presa \u201cMargarita Maza\u201d, antes \u201cPaso Ancho\u201d, pues consider\u00f3 que hasta ahora es inviable, debido a la falta de transparencia sobre su desarrollo, por las contradicciones entre lo informado por el gobierno estatal y el federal y porque no cumple los requisitos del Plan Nacional H\u00eddrico.<\/p>\n\n\n\n<p>La presa es la apuesta del gobierno estatal para hacer frente a la crisis de agua en la zona metropolitana de Oaxaca, a fin de atender a m\u00e1s de 641 mil habitantes, principalmente de la capital.&nbsp;<\/p>\n\n\n\n<p>Sin embargo, el Observatorio ha se\u00f1alado que la soluci\u00f3n es la conservaci\u00f3n de la cordillera Norte para recargar los mantos acu\u00edferos, la rehabilitaci\u00f3n de las redes de distribuci\u00f3n, el rescate de los r\u00edos \u201cAtoyac\u201d y \u201cSalado\u201d (ordenado por una sentencia jur\u00eddica), evitar su sobre explotaci\u00f3n, la clausura de tomas clandestinas en pleno usufructo del vital l\u00edquido, as\u00ed como la cancelaci\u00f3n de puntos de descarga en estos afluentes.<\/p>\n\n\n\n<p>Las 28 organizaciones que integran el observatorio tambi\u00e9n se\u00f1alaron que la construcci\u00f3n de la presa, ahora llamada \u201cMargarita Maza\u201d, y el acueducto de m\u00e1s de 100 kil\u00f3metros de longitud carecen de un proceso de informaci\u00f3n y de consulta de fondo, por lo que \u00abparecieran emular el desastroso proyecto de \u2018Paso Ancho\u2019 y el Acueducto del Bicentenario de 2014, que termin\u00f3 siendo cancelado por la Profepa (Procuradur\u00eda Federal de Protecci\u00f3n al Ambiente)\u00bb.<\/p>\n\n\n\n<p>El pasado 12 de agosto, el gobierno estatal inform\u00f3 de que se hab\u00eda cumplido la primera etapa, sin embargo, para el Observatorio a\u00fan es incierto si se cuenta con tales estudios.&nbsp;<\/p>\n\n\n\n<p>Adem\u00e1s porque de la poca informaci\u00f3n disponible se percataron de inconsistencias en la licitaci\u00f3n para la ingeniera b\u00e1sica y anteproyecto.&nbsp;<\/p>\n\n\n\n<p>Las inconsistencias y contradicciones tambi\u00e9n se observan en los montos de inversi\u00f3n proyectado, pues aunque el gobierno estatal y la direcci\u00f3n nacional de la Comisi\u00f3n Nacional del Agua han se\u00f1alado que ser\u00e1 de cuatro mil 600 millones de pesos, en la plataforma federal Compras Mx figura con siete mil 840 millones. Es decir, casi el doble.<\/p>\n\n\n\n<p>\u00abAl ver todos estos sucesos son muchas las preguntas que surgen y quedan en el aire y es fundamental que un proyecto de &nbsp;esta envergadura sea contestado por parte de las autoridades estatales y federales\u00bb, se\u00f1al\u00f3 el observatorio durante la conferencia de prensa realizada este mi\u00e9rcoles en la ciudad de Oaxaca.&nbsp;<\/p>\n\n\n\n<p>Por ello, exigi\u00f3, entre otros puntos, \u00abestablecer un di\u00e1logo abierto para abordar con transparencia los alcances e impactos del proyecto \u201cMargarita Maza\u201d y de todos sus componentes: El vaso de la presa, el acueducto, la planta tratadora y de purificaci\u00f3n de agua, que permita realizar un an\u00e1lisis costo-beneficio del proyecto, donde se incluya a &nbsp;comunidades, sociedad civil y academia, mediante un formato de mesa p\u00fablica y se pongan a consideraci\u00f3n otras alternativas, no s\u00f3lo para garantizar el abasto h\u00eddrico, sino para encontrar formas sustentables de producci\u00f3n, &nbsp;mejoramiento social y medidas de combate y adaptaci\u00f3n al calentamiento global con soluciones basadas en la naturaleza\u00bb.<\/p>\n","protected":false},"excerpt":{"rendered":"<p>Lisbeth Mej\u00eda Reyes\/Zona Roja. Oaxaca, Oax., a 27 de agosto de 2025.- El Observatorio Ciudadano&hellip;<\/p>\n","protected":false},"author":2,"featured_media":83994,"comment_status":"closed","ping_status":"open","sticky":false,"template":"","format":"standard","meta":{"_lmt_disableupdate":"","_lmt_disable":"","_jetpack_memberships_contains_paid_content":false,"footnotes":""},"categories":[109,47],"tags":[4241,4424],"class_list":["post-83993","post","type-post","status-publish","format-standard","has-post-thumbnail","hentry","category-minuto-a-minuto","category-zona-gris","tag-observatorio-ciudadano-del-agua-y-del-medio-ambiente-occama","tag-presa-margarita-maza"],"jetpack_featured_media_url":"https:\/\/zonaroja.com.mx\/wp-content\/uploads\/2025\/08\/Conferencia-Observatorio-Ciudadano-del-Agua.jpg","jetpack_sharing_enabled":true,"_links":{"self":[{"href":"https:\/\/zonaroja.com.mx\/index.php?rest_route=\/wp\/v2\/posts\/83993","targetHints":{"allow":["GET"]}}],"collection":[{"href":"https:\/\/zonaroja.com.mx\/index.php?rest_route=\/wp\/v2\/posts"}],"about":[{"href":"https:\/\/zonaroja.com.mx\/index.php?rest_route=\/wp\/v2\/types\/post"}],"author":[{"embeddable":true,"href":"https:\/\/zonaroja.com.mx\/index.php?rest_route=\/wp\/v2\/users\/2"}],"replies":[{"embeddable":true,"href":"https:\/\/zonaroja.com.mx\/index.php?rest_route=%2Fwp%2Fv2%2Fcomments&post=83993"}],"version-history":[{"count":1,"href":"https:\/\/zonaroja.com.mx\/index.php?rest_route=\/wp\/v2\/posts\/83993\/revisions"}],"predecessor-version":[{"id":83995,"href":"https:\/\/zonaroja.com.mx\/index.php?rest_route=\/wp\/v2\/posts\/83993\/revisions\/83995"}],"wp:featuredmedia":[{"embeddable":true,"href":"https:\/\/zonaroja.com.mx\/index.php?rest_route=\/wp\/v2\/media\/83994"}],"wp:attachment":[{"href":"https:\/\/zonaroja.com.mx\/index.php?rest_route=%2Fwp%2Fv2%2Fmedia&parent=83993"}],"wp:term":[{"taxonomy":"category","embeddable":true,"href":"https:\/\/zonaroja.com.mx\/index.php?rest_route=%2Fwp%2Fv2%2Fcategories&post=83993"},{"taxonomy":"post_tag","embeddable":true,"href":"https:\/\/zonaroja.com.mx\/index.php?rest_route=%2Fwp%2Fv2%2Ftags&post=83993"}],"curies":[{"name":"wp","href":"https:\/\/api.w.org\/{rel}","templated":true}]}}