{"id":83999,"date":"2025-08-27T21:34:03","date_gmt":"2025-08-28T03:34:03","guid":{"rendered":"https:\/\/zonaroja.com.mx\/?p=83999"},"modified":"2025-08-27T21:34:05","modified_gmt":"2025-08-28T03:34:05","slug":"en-menos-de-24-horas-otro-ejecutado-en-juchitan","status":"publish","type":"post","link":"https:\/\/zonaroja.com.mx\/?p=83999","title":{"rendered":"En menos de 24 horas, otro ejecutado en Juchit\u00e1n"},"content":{"rendered":"\n<p>Raymundo Morales\/Zona Roja.<\/p>\n\n\n\n<p>Oaxaca, Oax., a 27 de agosto de 2025.- En menos de 24 horas, y tras reasumir la polic\u00eda municipal sus funciones, otra persona fue ejecutada a balazos en Juchit\u00e1n de Zaragoza.<\/p>\n\n\n\n<p>La tarde de este mi\u00e9rcoles, el cuerpo de un individuo, con varios impactos de arma de fuego, fue localizado en un camino de terracer\u00eda de la colonia San Vicente Goola.<\/p>\n\n\n\n<p>Sujetos armados le dispararon de manera directa, para despu\u00e9s huir sin complicaciones, ante la ausencia policial.<\/p>\n\n\n\n<p>Familiares llegaron de inmediato y retiraron el cuerpo por sus propios medios, ante la mirada de elementos policiacos que resguardaban la zona.<\/p>\n\n\n\n<p>La v\u00edctima a\u00fan no ha sido identificada legalmente y de manera preliminar se dio a conocer que se trataba del joven Tom\u00e1s \u201cN\u201d.<\/p>\n\n\n\n<p>Cabe recordar que anoche, tambi\u00e9n en Juchit\u00e1n pero en la colonia Virgen de Guadalupe, acribillaron a balazos a otro joven, a quien dejaron un presunto nercomensaje, mientras que su mototaxi fue incendiado.<\/p>\n\n\n\n<p>Por otra parte, este d\u00eda en Santo Domingo Tehuantepec delincuentes ingresaron a la escuela \u201cJuana C. Romero\u201d, ubicada cerca del palacio municipal y amagaron con armas a los padres de familia, que realizaban el cobro de inscripciones.<\/p>\n\n\n\n<p>Tras ello les arrebataron al menos 80 mil pesos y se retiraron, sin que llegara a tiempo la polic\u00eda municipal; los afectados interpusieron su denuncia pero hasta el momento no hay resultados en los operativos de b\u00fasqueda.<\/p>\n\n\n\n<p>En otro caso, la Fiscal\u00eda General del Estado de Oaxaca investiga un crimen ocurrido ayer martes en la carretera a San Miguel Tetepelcingo, Santiago Jamiltepec.<\/p>\n\n\n\n<p>En el lugar asesinado a balazos Eugenio Q. B., de 61 a\u00f1os de edad, quien falleci\u00f3 al llegar a su vivienda.<\/p>\n","protected":false},"excerpt":{"rendered":"<p>Raymundo Morales\/Zona Roja. Oaxaca, Oax., a 27 de agosto de 2025.- En menos de 24&hellip;<\/p>\n","protected":false},"author":2,"featured_media":84000,"comment_status":"closed","ping_status":"open","sticky":false,"template":"","format":"standard","meta":{"_lmt_disableupdate":"","_lmt_disable":"","_jetpack_memberships_contains_paid_content":false,"footnotes":""},"categories":[109,51],"tags":[297],"class_list":["post-83999","post","type-post","status-publish","format-standard","has-post-thumbnail","hentry","category-minuto-a-minuto","category-zona-roja","tag-ejecutado-juchitan"],"jetpack_featured_media_url":"https:\/\/zonaroja.com.mx\/wp-content\/uploads\/2025\/08\/Ejecutado-en-Juchitan-Oaxaca.jpeg","jetpack_sharing_enabled":true,"_links":{"self":[{"href":"https:\/\/zonaroja.com.mx\/index.php?rest_route=\/wp\/v2\/posts\/83999","targetHints":{"allow":["GET"]}}],"collection":[{"href":"https:\/\/zonaroja.com.mx\/index.php?rest_route=\/wp\/v2\/posts"}],"about":[{"href":"https:\/\/zonaroja.com.mx\/index.php?rest_route=\/wp\/v2\/types\/post"}],"author":[{"embeddable":true,"href":"https:\/\/zonaroja.com.mx\/index.php?rest_route=\/wp\/v2\/users\/2"}],"replies":[{"embeddable":true,"href":"https:\/\/zonaroja.com.mx\/index.php?rest_route=%2Fwp%2Fv2%2Fcomments&post=83999"}],"version-history":[{"count":1,"href":"https:\/\/zonaroja.com.mx\/index.php?rest_route=\/wp\/v2\/posts\/83999\/revisions"}],"predecessor-version":[{"id":84001,"href":"https:\/\/zonaroja.com.mx\/index.php?rest_route=\/wp\/v2\/posts\/83999\/revisions\/84001"}],"wp:featuredmedia":[{"embeddable":true,"href":"https:\/\/zonaroja.com.mx\/index.php?rest_route=\/wp\/v2\/media\/84000"}],"wp:attachment":[{"href":"https:\/\/zonaroja.com.mx\/index.php?rest_route=%2Fwp%2Fv2%2Fmedia&parent=83999"}],"wp:term":[{"taxonomy":"category","embeddable":true,"href":"https:\/\/zonaroja.com.mx\/index.php?rest_route=%2Fwp%2Fv2%2Fcategories&post=83999"},{"taxonomy":"post_tag","embeddable":true,"href":"https:\/\/zonaroja.com.mx\/index.php?rest_route=%2Fwp%2Fv2%2Ftags&post=83999"}],"curies":[{"name":"wp","href":"https:\/\/api.w.org\/{rel}","templated":true}]}}