{"id":84002,"date":"2025-08-28T07:15:00","date_gmt":"2025-08-28T13:15:00","guid":{"rendered":"https:\/\/zonaroja.com.mx\/?p=84002"},"modified":"2025-08-28T06:53:53","modified_gmt":"2025-08-28T12:53:53","slug":"a-cinco-meses-claman-justicia-por-cinco-masacrados-en-la-sierra-sur","status":"publish","type":"post","link":"https:\/\/zonaroja.com.mx\/?p=84002","title":{"rendered":"A cinco meses, claman justicia por cinco masacrados en la Sierra Sur"},"content":{"rendered":"\n<p>Raymundo Morales\/Zona Roja.<\/p>\n\n\n\n<p>Oaxaca, Oax., a 28 de agosto de 2025.- Familiares de las v\u00edctimas y pobladores de San Sebasti\u00e1n Coatl\u00e1n exigieron justicia por el asesinato de cinco personas, ocurrido el pasado 23 de marzo a un costado de la supercarretera Oaxaca-Puerto Escondido, en la regi\u00f3n Sierra Sur.<\/p>\n\n\n\n<p>Respaldados por la organizaci\u00f3n \u201cSol Rojo\u201d, detallaron que el ataque, presuntamente derivado de un conflicto agrario con San Francisco Coatl\u00e1n, ocurri\u00f3 en el paraje \u201cEl Limar\u201d, donde supuestamente los agredidos pretend\u00edan dialogar con sus vecinos.<\/p>\n\n\n\n<p>\u201cLa intensi\u00f3n de este di\u00e1logo era el respeto a la sentencia agraria previa y as\u00ed determinar el derecho a la comunidad que le corresponde, sin embargo, al presentarse en el lugar e intentar iniciar con el di\u00e1logo, nuestros comuneros fueron recibidos con disparos, lo que valoramos y condenamos como una cruel y cobarde emboscada\u201d, detallaron ayer en la capital oaxaque\u00f1a.<\/p>\n\n\n\n<p>Como resultado de ello, cinco personas resultaron asesinadas, identificadas como Eutiquo Loaeza Jim\u00e9nez, Adri\u00e1n Jim\u00e9nez, Javier V\u00edctor Jim\u00e9nez P\u00e9rez, Vidal Ruiz e Israel P\u00e9rez Hern\u00e1ndez.<\/p>\n\n\n\n<p>En conferencia de prensa, expusieron que a cinco meses, hasta el momento no hay intenci\u00f3n integral a las v\u00edctimas y tampoco justicia plena; tampoco hay avances en la carpeta de investigaci\u00f3n que inici\u00f3 la Fiscal\u00eda General del Estado de Oaxaca.<\/p>\n\n\n\n<p>Adem\u00e1s, \u201clos funcionarios del gobierno estatal que han recibido a las v\u00edctimas son de quinto y hasta sexto nivel, sin capacidad de tomar decisiones de fondo, que se han limitado a firmar minutas donde hablan de \u2018apoyos&#8217; o \u2018programas de gobierno\u2019, pero no dicen nada sobre el acceso a la justicia y la reparaci\u00f3n del da\u00f1o desde una perspectiva integral en materia de derechos humanos\u201d.<\/p>\n\n\n\n<p>En tanto que los autores intelectuales de esta masacre gozan de total impunidad mientras que algunos de los autores materiales se encuentran pr\u00f3fugos, seg\u00fan aseguraron.<\/p>\n\n\n\n<p>Demandaron a las autoridades del Gobierno de Estado y de la Fiscal\u00eda General una mesa de di\u00e1logo para que informen acerca de la situaci\u00f3n del caso, al tiempo de amagar con otras movilizaciones en caso de no ser recibidos.<\/p>\n","protected":false},"excerpt":{"rendered":"<p>Raymundo Morales\/Zona Roja. Oaxaca, Oax., a 28 de agosto de 2025.- Familiares de las v\u00edctimas&hellip;<\/p>\n","protected":false},"author":2,"featured_media":84004,"comment_status":"closed","ping_status":"open","sticky":false,"template":"","format":"standard","meta":{"_lmt_disableupdate":"","_lmt_disable":"","_jetpack_memberships_contains_paid_content":false,"footnotes":""},"categories":[109,47],"tags":[1160],"class_list":["post-84002","post","type-post","status-publish","format-standard","has-post-thumbnail","hentry","category-minuto-a-minuto","category-zona-gris","tag-san-sebastian-coatlan"],"jetpack_featured_media_url":"https:\/\/zonaroja.com.mx\/wp-content\/uploads\/2025\/08\/Conferencia-de-prensa-San-Sebastian-Coatlan-asesinados-Oaxaca.jpg","jetpack_sharing_enabled":true,"_links":{"self":[{"href":"https:\/\/zonaroja.com.mx\/index.php?rest_route=\/wp\/v2\/posts\/84002","targetHints":{"allow":["GET"]}}],"collection":[{"href":"https:\/\/zonaroja.com.mx\/index.php?rest_route=\/wp\/v2\/posts"}],"about":[{"href":"https:\/\/zonaroja.com.mx\/index.php?rest_route=\/wp\/v2\/types\/post"}],"author":[{"embeddable":true,"href":"https:\/\/zonaroja.com.mx\/index.php?rest_route=\/wp\/v2\/users\/2"}],"replies":[{"embeddable":true,"href":"https:\/\/zonaroja.com.mx\/index.php?rest_route=%2Fwp%2Fv2%2Fcomments&post=84002"}],"version-history":[{"count":1,"href":"https:\/\/zonaroja.com.mx\/index.php?rest_route=\/wp\/v2\/posts\/84002\/revisions"}],"predecessor-version":[{"id":84005,"href":"https:\/\/zonaroja.com.mx\/index.php?rest_route=\/wp\/v2\/posts\/84002\/revisions\/84005"}],"wp:featuredmedia":[{"embeddable":true,"href":"https:\/\/zonaroja.com.mx\/index.php?rest_route=\/wp\/v2\/media\/84004"}],"wp:attachment":[{"href":"https:\/\/zonaroja.com.mx\/index.php?rest_route=%2Fwp%2Fv2%2Fmedia&parent=84002"}],"wp:term":[{"taxonomy":"category","embeddable":true,"href":"https:\/\/zonaroja.com.mx\/index.php?rest_route=%2Fwp%2Fv2%2Fcategories&post=84002"},{"taxonomy":"post_tag","embeddable":true,"href":"https:\/\/zonaroja.com.mx\/index.php?rest_route=%2Fwp%2Fv2%2Ftags&post=84002"}],"curies":[{"name":"wp","href":"https:\/\/api.w.org\/{rel}","templated":true}]}}