{"id":84009,"date":"2025-08-28T09:22:00","date_gmt":"2025-08-28T15:22:00","guid":{"rendered":"https:\/\/zonaroja.com.mx\/?p=84009"},"modified":"2025-08-28T07:34:28","modified_gmt":"2025-08-28T13:34:28","slug":"muere-uno-de-los-menores-secuestrados-por-el-cartel-jalisco-en-guanajuato","status":"publish","type":"post","link":"https:\/\/zonaroja.com.mx\/?p=84009","title":{"rendered":"Muere uno de los menores secuestrados por el C\u00e1rtel Jalisco en Guanajuato"},"content":{"rendered":"\n<p>Redacci\u00f3n\/Zona Roja Cdmx.<\/p>\n\n\n\n<p>Ciudad de M\u00e9xico, a 28 de agosto de 2025.- Dos menores de edad reportados como desaparecidos en P\u00e9njamo fueron encontrados, en el marco de un operativo donde se desmantel\u00f3 un centro de operaci\u00f3n del cartel Jalisco Nueva Generaci\u00f3n (CJNG); uno muri\u00f3 por la gravedad de las heridas que ten\u00eda.<\/p>\n\n\n\n<p>El 12 de agosto, Uriel Ventura P\u00e9rez, de 17 a\u00f1os de edad, y Leonardo Alejandro Raya Hern\u00e1ndez, de 14 a\u00f1os, fueron privados de la libertad por hombres armados.<\/p>\n\n\n\n<p>La p\u00e1gina de Alerta Amber report\u00f3, a las 19 horas del d\u00eda 23, que fueron encontrados con vida.&nbsp; Trascendi\u00f3 que los adolescentes fueron torturados y ten\u00edan heridas de gravedad.<\/p>\n\n\n\n<p>La Secretar\u00eda de Seguridad y Paz inform\u00f3 que desde el 23 de agosto a la fecha han realizado diversos operativos en P\u00e9njamo, donde aseguraron un punto de operaci\u00f3n del CJNG.<\/p>\n\n\n\n<p>Detall\u00f3 que aseguraron dos armas largas, un arma corta, m\u00e1s de 570 cartuchos, m\u00e1s de 40 cargadores, prendas, chalecos, cascos, botas, accesorios t\u00e1cticos, un veh\u00edculo, hachas y una motosierra.&nbsp;<\/p>\n\n\n\n<p>\u201cEn el marco de estas acciones tambi\u00e9n fueron localizadas dos personas menores de edad con reporte de Alerta Amber\u201d, ventil\u00f3.<\/p>\n\n\n\n<p>A\u00f1adi\u00f3 que ambos recibieron atenci\u00f3n m\u00e9dica, pero \u201cuno de los adolescentes falleci\u00f3 m\u00e1s tarde y el otro permanece recibiendo atenci\u00f3n m\u00e9dica\u201d.<\/p>\n\n\n\n<p>Quien falleci\u00f3 fue Leonardo Alejandro Raya Hern\u00e1ndez.<\/p>\n\n\n\n<p>La Secretar\u00eda de Seguridad expres\u00f3 \u201csu solidaridad ante este hecho que duele y preocupa\u201d.<\/p>\n\n\n\n<p>La Fiscal\u00eda General del Estado (FGE) tiene \u201cabiertas las investigaciones para esclarecer lo ocurrido, con un compromiso firme de transparencia y apego a la ley\u201d, sostuvo.<\/p>\n\n\n\n<p>Los trabajos de investigaci\u00f3n y operativos en P\u00e9njamo se mantienen por parte de autoridades federales y estatales, concluy\u00f3.<\/p>\n\n\n\n<p>(Informaci\u00f3n de \u201cLa Jornada\u201d)<\/p>\n","protected":false},"excerpt":{"rendered":"<p>Redacci\u00f3n\/Zona Roja Cdmx. Ciudad de M\u00e9xico, a 28 de agosto de 2025.- Dos menores de&hellip;<\/p>\n","protected":false},"author":2,"featured_media":84010,"comment_status":"closed","ping_status":"open","sticky":false,"template":"","format":"standard","meta":{"_lmt_disableupdate":"","_lmt_disable":"","_jetpack_memberships_contains_paid_content":false,"footnotes":""},"categories":[109,47],"tags":[3508],"class_list":["post-84009","post","type-post","status-publish","format-standard","has-post-thumbnail","hentry","category-minuto-a-minuto","category-zona-gris","tag-violencia-en-guanajuato"],"jetpack_featured_media_url":"https:\/\/zonaroja.com.mx\/wp-content\/uploads\/2025\/08\/Menores-secuestrados-Penjamo-Guanajuato.webp","jetpack_sharing_enabled":true,"_links":{"self":[{"href":"https:\/\/zonaroja.com.mx\/index.php?rest_route=\/wp\/v2\/posts\/84009","targetHints":{"allow":["GET"]}}],"collection":[{"href":"https:\/\/zonaroja.com.mx\/index.php?rest_route=\/wp\/v2\/posts"}],"about":[{"href":"https:\/\/zonaroja.com.mx\/index.php?rest_route=\/wp\/v2\/types\/post"}],"author":[{"embeddable":true,"href":"https:\/\/zonaroja.com.mx\/index.php?rest_route=\/wp\/v2\/users\/2"}],"replies":[{"embeddable":true,"href":"https:\/\/zonaroja.com.mx\/index.php?rest_route=%2Fwp%2Fv2%2Fcomments&post=84009"}],"version-history":[{"count":1,"href":"https:\/\/zonaroja.com.mx\/index.php?rest_route=\/wp\/v2\/posts\/84009\/revisions"}],"predecessor-version":[{"id":84011,"href":"https:\/\/zonaroja.com.mx\/index.php?rest_route=\/wp\/v2\/posts\/84009\/revisions\/84011"}],"wp:featuredmedia":[{"embeddable":true,"href":"https:\/\/zonaroja.com.mx\/index.php?rest_route=\/wp\/v2\/media\/84010"}],"wp:attachment":[{"href":"https:\/\/zonaroja.com.mx\/index.php?rest_route=%2Fwp%2Fv2%2Fmedia&parent=84009"}],"wp:term":[{"taxonomy":"category","embeddable":true,"href":"https:\/\/zonaroja.com.mx\/index.php?rest_route=%2Fwp%2Fv2%2Fcategories&post=84009"},{"taxonomy":"post_tag","embeddable":true,"href":"https:\/\/zonaroja.com.mx\/index.php?rest_route=%2Fwp%2Fv2%2Ftags&post=84009"}],"curies":[{"name":"wp","href":"https:\/\/api.w.org\/{rel}","templated":true}]}}