{"id":8401,"date":"2020-02-04T16:20:03","date_gmt":"2020-02-04T22:20:03","guid":{"rendered":"https:\/\/www.zonaroja.com.mx\/?p=8401"},"modified":"2020-02-04T17:35:12","modified_gmt":"2020-02-04T23:35:12","slug":"sin-justicia-crimenes-en-yaitepec-victimas-denuncian-falta-de-atencion","status":"publish","type":"post","link":"https:\/\/zonaroja.com.mx\/?p=8401","title":{"rendered":"Sin justicia cr\u00edmenes en Yaitepec; v\u00edctimas denuncian falta de atenci\u00f3n"},"content":{"rendered":"\n<p>Evlin Arag\u00f3n\/Zona Roja. <\/p>\n\n\n\n<p><br>Oaxaca de Ju\u00e1rez, Oax., 4 de febrero de 2020.- Hace 15 d\u00edas que una ni\u00f1a y dos ni\u00f1os hu\u00e9rfanos por la violencia en Santiago Yaitepec hicieron presencia en la Defensor\u00eda de los Derechos Humanos del Pueblo de Oaxaca (DDHPO) para denunciar el asesinato de su madre y padre, as\u00ed como la persecuci\u00f3n de sus familiares presuntamente por parte del edil Roberto Salinas Santiago.<\/p>\n\n\n\n<p>Hoy, ante la nula respuesta por parte de las autoridades, Catarino, Edgar y Yessenia estuvieron a las afueras de Palacio de Gobierno, en donde portando cartulinas con las im\u00e1genes de sus familiares asesinados, pidieron justicia y atenci\u00f3n por parte del gobernador Alejandro Murat Hinojosa y de la Fiscal\u00eda General encabezada por Rub\u00e9n Vasconcelos M\u00e9ndez. <\/p>\n\n\n\n<p>Con dificultad para hablar espa\u00f1ol, uno de los menores evidenci\u00f3 el incremento de la violencia en la localidad, misma que les arrebat\u00f3 a su madre y padre, Alicia Sal\u00edas Carmona y Fernando Peralta Santiago, en dos ataques armados diferentes, el primero <a href=\"\/\/1\">el 20 de noviembre<\/a>del a\u00f1o pasado y el segundo el pasado 8 de enero de este a\u00f1o, raz\u00f3n que los oblig\u00f3 a salir de la localidad y pedir ayuda.<\/p>\n\n\n\n<figure class=\"wp-block-embed-twitter wp-block-embed is-type-rich is-provider-twitter\"><div class=\"wp-block-embed__wrapper\">\n<div class=\"twitter-tweet\"><blockquote class=\"twitter-tweet\" data-lang=\"es\"><p lang=\"es\" dir=\"ltr\"><a href=\"https:\/\/twitter.com\/hashtag\/OaxacaGris?src=hash&amp;ref_src=twsrc%5Etfw\">#OaxacaGris<\/a><a href=\"https:\/\/twitter.com\/hashtag\/ProcuramosInjusticiaParaTi?src=hash&amp;ref_src=twsrc%5Etfw\">#ProcuramosInjusticiaParaTi<\/a><br>A m\u00e1s de dos meses del asesinato de la madre y m\u00e1s de un mes del crimen del padre, en Santiago <a href=\"https:\/\/twitter.com\/hashtag\/Yaitepec?src=hash&amp;ref_src=twsrc%5Etfw\">#Yaitepec<\/a>, la <a href=\"https:\/\/twitter.com\/FISCALIA_GobOax?ref_src=twsrc%5Etfw\">@FISCALIA_GobOax<\/a> a\u00fan no ha hecho justicia, denuncian hijos y familiares de las v\u00edctimas. <a href=\"https:\/\/t.co\/6cZaIOJzwC\">pic.twitter.com\/6cZaIOJzwC<\/a><\/p>&mdash; Zona Roja Oaxaca (@MexRoja) <a href=\"https:\/\/twitter.com\/MexRoja\/status\/1224765765921931264?ref_src=twsrc%5Etfw\">4 de febrero de 2020<\/a><\/blockquote><\/div>\n<\/div><\/figure>\n\n\n\n<p>Luc\u00eda Peralta Santiago, hermana del asesinado y t\u00eda de los menores, asegur\u00f3 que a la fecha no han obtenido justicia por los cr\u00edmenes, pese a la denuncia p\u00fablica que hicieron, a la par que se indic\u00f3 temen por su vida y la de los peque\u00f1os ante la violencia que se vive en el municipio que no solo enfrenta un conflicto con sus vecinos de Santa Catarina Juquila, sino al interior en donde se han registrado actos violentos en contra de la poblaci\u00f3n.<\/p>\n\n\n\n<p>Hace unos d\u00edas a las afueras de la defensor\u00eda oaxaque\u00f1a Roberto Peralta Santiago, hermano tambi\u00e9n del asesinado, denunci\u00f3 que desde hace meses su familia ha sido perseguida por las autoridades municipales debido a su evidente oposici\u00f3n con el actuar de quienes representan a la localidad, quienes a base de enga\u00f1os manipulan a la poblaci\u00f3n y la obligan a actuar de forma violenta en contra de sus vecinos.<\/p>\n\n\n\n<p>Explic\u00f3 que sus viviendas fueron quemadas lo que les oblig\u00f3 a salir de la localidad y solicitar el respaldo de la DDHPO, as\u00ed como de las autoridades en materia de seguridad y procuraci\u00f3n de justicia para garantizar su integridad f\u00edsica y lograr que sus familiares no hayan muerto en vano. <\/p>\n\n\n\n<p>Peralta Santiago evidenci\u00f3 que un aproximado de 200 personas armadas se encuentran al interior de la localidad, las cuales act\u00faan bajo las \u00f3rdenes de la autoridad municipal, sin importar que sea en contra de los mismos habitantes de Santiago Yaitepec, que viven en medio de la violencia generada por sus mismos paisanos y sus vecinos de Juquila.<\/p>\n\n\n\n<p>En conflicto en la zona chatina se mantuvo activo durante todo el 2019, y este mismo martes otro grupo de comerciantes desplazados de \u201cEl Pedimento\u201d de Juquila se manifest\u00f3 a las afueras de la Fiscal\u00eda General, en San Antonio de la Cal, para exigir justicia.<\/p>\n","protected":false},"excerpt":{"rendered":"<p>Evlin Arag\u00f3n\/Zona Roja. Oaxaca de Ju\u00e1rez, Oax., 4 de febrero de 2020.- Hace 15 d\u00edas&hellip;<\/p>\n","protected":false},"author":2,"featured_media":8403,"comment_status":"closed","ping_status":"open","sticky":false,"template":"","format":"standard","meta":{"_lmt_disableupdate":"","_lmt_disable":"","_jetpack_memberships_contains_paid_content":false,"footnotes":""},"categories":[109,47],"tags":[1078],"class_list":["post-8401","post","type-post","status-publish","format-standard","has-post-thumbnail","hentry","category-minuto-a-minuto","category-zona-gris","tag-santiago-yami-tepec"],"jetpack_featured_media_url":"https:\/\/zonaroja.com.mx\/wp-content\/uploads\/2020\/02\/img_5617-1.png","jetpack_sharing_enabled":true,"_links":{"self":[{"href":"https:\/\/zonaroja.com.mx\/index.php?rest_route=\/wp\/v2\/posts\/8401","targetHints":{"allow":["GET"]}}],"collection":[{"href":"https:\/\/zonaroja.com.mx\/index.php?rest_route=\/wp\/v2\/posts"}],"about":[{"href":"https:\/\/zonaroja.com.mx\/index.php?rest_route=\/wp\/v2\/types\/post"}],"author":[{"embeddable":true,"href":"https:\/\/zonaroja.com.mx\/index.php?rest_route=\/wp\/v2\/users\/2"}],"replies":[{"embeddable":true,"href":"https:\/\/zonaroja.com.mx\/index.php?rest_route=%2Fwp%2Fv2%2Fcomments&post=8401"}],"version-history":[{"count":2,"href":"https:\/\/zonaroja.com.mx\/index.php?rest_route=\/wp\/v2\/posts\/8401\/revisions"}],"predecessor-version":[{"id":8404,"href":"https:\/\/zonaroja.com.mx\/index.php?rest_route=\/wp\/v2\/posts\/8401\/revisions\/8404"}],"wp:featuredmedia":[{"embeddable":true,"href":"https:\/\/zonaroja.com.mx\/index.php?rest_route=\/wp\/v2\/media\/8403"}],"wp:attachment":[{"href":"https:\/\/zonaroja.com.mx\/index.php?rest_route=%2Fwp%2Fv2%2Fmedia&parent=8401"}],"wp:term":[{"taxonomy":"category","embeddable":true,"href":"https:\/\/zonaroja.com.mx\/index.php?rest_route=%2Fwp%2Fv2%2Fcategories&post=8401"},{"taxonomy":"post_tag","embeddable":true,"href":"https:\/\/zonaroja.com.mx\/index.php?rest_route=%2Fwp%2Fv2%2Ftags&post=8401"}],"curies":[{"name":"wp","href":"https:\/\/api.w.org\/{rel}","templated":true}]}}