{"id":84022,"date":"2025-08-28T12:14:00","date_gmt":"2025-08-28T18:14:00","guid":{"rendered":"https:\/\/zonaroja.com.mx\/?p=84022"},"modified":"2025-08-28T08:15:41","modified_gmt":"2025-08-28T14:15:41","slug":"estos-han-sido-los-pleitos-entre-la-oposicion-y-morena-en-el-congreso","status":"publish","type":"post","link":"https:\/\/zonaroja.com.mx\/?p=84022","title":{"rendered":"Estos han sido los pleitos entre la oposici\u00f3n y Morena en el Congreso"},"content":{"rendered":"\n<p>Redacci\u00f3n\/Zona Roja Cdmx.<\/p>\n\n\n\n<p>Ciudad de M\u00e9xico, a 28 de agosto de 2025.- Los \u00e1nimos se encendieron este mi\u00e9rcoles en la Comisi\u00f3n Permanente, pues el senador y dirigente del PRI, Alejandro \u2018Alito\u2019 Moreno agredi\u00f3 al senador morenista Gerardo Fern\u00e1ndez Noro\u00f1a al se\u00f1alar que este no lo dej\u00f3 dar su intervenci\u00f3n.<\/p>\n\n\n\n<p>La agresi\u00f3n ocurri\u00f3 tras la finalizaci\u00f3n de la sesi\u00f3n y de acuerdo con Noro\u00f1a presentar\u00e1n una denuncia en contra del dirigente priista tanto por agredirlo a \u00e9l como a uno de sus colaboradores, lo que podr\u00eda abrir la puerta a una nueva solicitud de desafuero contra el priista.<\/p>\n\n\n\n<p>\u201cEmiliano Gonz\u00e1lez presentar\u00e1 la denuncia hoy mismo y yo tambi\u00e9n. Por supuesto en mi condici\u00f3n de presidente de la Comisi\u00f3n Permanente y de la C\u00e1mara de Senadores\u201d, anunci\u00f3.<\/p>\n\n\n\n<p>Es caracter\u00edstico dentro del Congreso que las discusiones suban de tono y a veces lleguen a conatos de broncas o agresiones, por ello, te recordamos las m\u00e1s recientes con Morena en el gobierno.<\/p>\n\n\n\n<p>En 2019<\/p>\n\n\n\n<p>Uno de estos fue cuando en el 2019, Rosario Piedra Ibarra tom\u00f3 posesi\u00f3n por primera vez como comisionada Nacional de los Derechos Humanos (CNDH), luego de una controvertida elecci\u00f3n de la funcionaria.<\/p>\n\n\n\n<p>Por ello, senadores y senadoras del PAN acudieron con carteles donde acusaban \u201cAqu\u00ed Morena Roba Votos. No al fraude en CNDH\u201d y \u201cFraude en la CNDH\u201d. Durante la sesi\u00f3n los senadores tomaron la Tribuna para evitar el evento, ya que ped\u00edan se restituyera el proceso.<\/p>\n\n\n\n<p>Con tal de bloquear la toma de protesta, se vio a X\u00f3chitl G\u00e1lvez, entonces senadora da\u00f1ando inmobiliario y a Gustavo Madero quien entre jaloneos trat\u00f3 de llegar a la presidencia de la Mesa Directiva donde fue frenado por morenistas, entre ellas, Citlalli Hern\u00e1ndez, quienes lo tiraron al suelo.<\/p>\n\n\n\n<p>\u201cEn mi derecho de manifestarme pac\u00edficamente en contra de la designaci\u00f3n ilegal e inmmoral de Rosario Piedra para la CNDH solo vs 15 senador@s de Morena me tumbaron al suelo y tratan de tergiversar dici\u00e9ndome violento!\u201d, se\u00f1al\u00f3 en su cuenta de Twitter.<\/p>\n\n\n\n<p>EN 2023<\/p>\n\n\n\n<p>Otra ocasi\u00f3n conflictiva fue el 27 de abril del 2023 cuando senadores del PAN tomaron la C\u00e1mara para exigir el nombramiento de comisionados faltantes del INAI, a la cual Morena se opon\u00eda.<\/p>\n\n\n\n<p>La toma inici\u00f3 por la Tribuna cuando los legisladores del albiazul subieron a la Mesa Directiva de la C\u00e1mara con una manta en donde se le\u00eda \u2018Comisionados INAI ya\u2019. Al ver que la sesi\u00f3n no pod\u00eda continuar, los morenistas comenzaron a forcejear con los panistas para quitar la manta.<\/p>\n\n\n\n<p>Sin embargo, destac\u00f3 C\u00e9sar Cravioto, actual secretario de Gobierno de la CDMX, quien de forma violenta trat\u00f3 de alejar a los panistas pero dando manotazos. Con esta acci\u00f3n agredi\u00f3 a Guadalupe Salda\u00f1a, por lo que los panistas presentaron una denuncia ante a FGR por violencia pol\u00edtica en raz\u00f3n de g\u00e9nero.<\/p>\n\n\n\n<p>(Informaci\u00f3n de Pol\u00edtico.Mx)<\/p>\n","protected":false},"excerpt":{"rendered":"<p>Redacci\u00f3n\/Zona Roja Cdmx. Ciudad de M\u00e9xico, a 28 de agosto de 2025.- Los \u00e1nimos se&hellip;<\/p>\n","protected":false},"author":2,"featured_media":84023,"comment_status":"closed","ping_status":"open","sticky":false,"template":"","format":"standard","meta":{"_lmt_disableupdate":"","_lmt_disable":"","_jetpack_memberships_contains_paid_content":false,"footnotes":""},"categories":[109,47],"tags":[],"class_list":["post-84022","post","type-post","status-publish","format-standard","has-post-thumbnail","hentry","category-minuto-a-minuto","category-zona-gris"],"jetpack_featured_media_url":"https:\/\/zonaroja.com.mx\/wp-content\/uploads\/2025\/08\/Pleitos-Senado-Mexico.jpg.avif","jetpack_sharing_enabled":true,"_links":{"self":[{"href":"https:\/\/zonaroja.com.mx\/index.php?rest_route=\/wp\/v2\/posts\/84022","targetHints":{"allow":["GET"]}}],"collection":[{"href":"https:\/\/zonaroja.com.mx\/index.php?rest_route=\/wp\/v2\/posts"}],"about":[{"href":"https:\/\/zonaroja.com.mx\/index.php?rest_route=\/wp\/v2\/types\/post"}],"author":[{"embeddable":true,"href":"https:\/\/zonaroja.com.mx\/index.php?rest_route=\/wp\/v2\/users\/2"}],"replies":[{"embeddable":true,"href":"https:\/\/zonaroja.com.mx\/index.php?rest_route=%2Fwp%2Fv2%2Fcomments&post=84022"}],"version-history":[{"count":1,"href":"https:\/\/zonaroja.com.mx\/index.php?rest_route=\/wp\/v2\/posts\/84022\/revisions"}],"predecessor-version":[{"id":84024,"href":"https:\/\/zonaroja.com.mx\/index.php?rest_route=\/wp\/v2\/posts\/84022\/revisions\/84024"}],"wp:featuredmedia":[{"embeddable":true,"href":"https:\/\/zonaroja.com.mx\/index.php?rest_route=\/wp\/v2\/media\/84023"}],"wp:attachment":[{"href":"https:\/\/zonaroja.com.mx\/index.php?rest_route=%2Fwp%2Fv2%2Fmedia&parent=84022"}],"wp:term":[{"taxonomy":"category","embeddable":true,"href":"https:\/\/zonaroja.com.mx\/index.php?rest_route=%2Fwp%2Fv2%2Fcategories&post=84022"},{"taxonomy":"post_tag","embeddable":true,"href":"https:\/\/zonaroja.com.mx\/index.php?rest_route=%2Fwp%2Fv2%2Ftags&post=84022"}],"curies":[{"name":"wp","href":"https:\/\/api.w.org\/{rel}","templated":true}]}}