{"id":84030,"date":"2025-08-28T18:47:55","date_gmt":"2025-08-29T00:47:55","guid":{"rendered":"https:\/\/zonaroja.com.mx\/?p=84030"},"modified":"2025-08-28T18:47:57","modified_gmt":"2025-08-29T00:47:57","slug":"avanza-instalacion-de-servicios-basicos-en-colonias-marginadas-de-xoxocotlan","status":"publish","type":"post","link":"https:\/\/zonaroja.com.mx\/?p=84030","title":{"rendered":"Avanza instalaci\u00f3n de servicios b\u00e1sicos en colonias marginadas de Xoxocotl\u00e1n"},"content":{"rendered":"\n<p>Redacci\u00f3n\/Zona Roja.&nbsp;<\/p>\n\n\n\n<p>Oaxaca, Oax., a 28 de agosto de 2025.- Con un trabajo de territorio, la presidenta municipal de Santa Cruz Xoxocotl\u00e1n, Nancy Ben\u00edtez Z\u00e1rate, fortalece la cercan\u00eda con las colonias vulnerables, impulsando acciones que mejoran la calidad de vida de sus habitantes.<\/p>\n\n\n\n<p>En la colonia Los Olivos, la edil encabez\u00f3 la instalaci\u00f3n de luminarias en la avenida Los Pinos, atendiendo una de las principales solicitudes de las y los habitantes de la zona.<\/p>\n\n\n\n<p>Durante su visita, la edil destac\u00f3 que estas obras forman parte de un esfuerzo integral para atender a comunidades en crecimiento, donde todav\u00eda hacen falta servicios b\u00e1sicos como agua, drenaje y espacios comunitarios.<\/p>\n\n\n\n<p>Habitantes de la colonia, encabezados por su presidente Macario L\u00f3pez, agradecieron el apoyo recibido, subrayando que las 16 l\u00e1mparas instaladas representan un avance importante en materia de seguridad y bienestar social.<\/p>\n\n\n\n<p>La presidenta municipal reafirm\u00f3 que las puertas del Ayuntamiento seguir\u00e1n abiertas al di\u00e1logo y la gesti\u00f3n comunitaria, reconociendo que a\u00fan queda mucho por hacer, pero reiterando su compromiso de avanzar paso a paso con cada colonia de Xoxocotl\u00e1n.<\/p>\n\n\n\n<figure class=\"wp-block-image size-full\"><img decoding=\"async\" width=\"800\" height=\"533\" src=\"https:\/\/zonaroja.com.mx\/wp-content\/uploads\/2025\/08\/Xoxocotlan-reconoce-sabiduria-y-legado-de-personas-adultas-mayores-en-su-dia-3.jpeg\" alt=\"\" class=\"wp-image-84033\" srcset=\"https:\/\/zonaroja.com.mx\/wp-content\/uploads\/2025\/08\/Xoxocotlan-reconoce-sabiduria-y-legado-de-personas-adultas-mayores-en-su-dia-3.jpeg 800w, https:\/\/zonaroja.com.mx\/wp-content\/uploads\/2025\/08\/Xoxocotlan-reconoce-sabiduria-y-legado-de-personas-adultas-mayores-en-su-dia-3-300x200.jpeg 300w, https:\/\/zonaroja.com.mx\/wp-content\/uploads\/2025\/08\/Xoxocotlan-reconoce-sabiduria-y-legado-de-personas-adultas-mayores-en-su-dia-3-768x512.jpeg 768w, https:\/\/zonaroja.com.mx\/wp-content\/uploads\/2025\/08\/Xoxocotlan-reconoce-sabiduria-y-legado-de-personas-adultas-mayores-en-su-dia-3-585x390.jpeg 585w, https:\/\/zonaroja.com.mx\/wp-content\/uploads\/2025\/08\/Xoxocotlan-reconoce-sabiduria-y-legado-de-personas-adultas-mayores-en-su-dia-3-263x175.jpeg 263w\" sizes=\"(max-width: 800px) 100vw, 800px\" \/><\/figure>\n\n\n\n<p>FESTEJO A LOS ABUELOS<\/p>\n\n\n\n<p>En otro acto, con un ambiente lleno de cari\u00f1o, respeto y gratitud, el ayuntamiento de Santa Cruz Xoxocotl\u00e1n, a trav\u00e9s del DIF Municipal, celebr\u00f3 el D\u00eda de las Personas Adultas Mayores, reconociendo la invaluable experiencia, sabidur\u00eda y ense\u00f1anzas que aportan a la comunidad.<\/p>\n\n\n\n<p>El evento cont\u00f3 con la presencia de la presidenta municipal, Nancy Ben\u00edtez Z\u00e1rate, y la presidenta honoraria del DIF Municipal, Yarazet Cruz Ben\u00edtez, quienes, junto a personas adultas mayores de la comunidad xoxe\u00f1a, compartieron una jornada llena de alegr\u00eda, m\u00fasica y convivencia.<\/p>\n\n\n\n<p>Durante la ceremonia, la presidenta municipal destac\u00f3 la importancia de honrar el legado de quienes han dedicado su vida a sus familias, sus comunidades y al municipio.<\/p>\n\n\n\n<p>\u201cNuestros adultos mayores son la memoria viva de Xoxocotl\u00e1n. Cada historia, cada ense\u00f1anza y cada paso que dieron construy\u00f3 el presente que hoy disfrutamos. Reconocerlos es tambi\u00e9n agradecerles y acompa\u00f1arlos siempre\u201d, expres\u00f3 Nancy Ben\u00edtez Z\u00e1rate.<\/p>\n\n\n\n<p>La celebraci\u00f3n estuvo acompa\u00f1ada de la participaci\u00f3n de ni\u00f1as y ni\u00f1os, quienes ofrecieron bailables tradicionales que llenaron de color y emoci\u00f3n el evento. Posteriormente, las y los asistentes compartieron comida y bebidas, fortaleciendo el sentido de comunidad y hermandad que caracteriza a Xoxocotl\u00e1n.<\/p>\n","protected":false},"excerpt":{"rendered":"<p>Redacci\u00f3n\/Zona Roja.&nbsp; Oaxaca, Oax., a 28 de agosto de 2025.- Con un trabajo de territorio,&hellip;<\/p>\n","protected":false},"author":2,"featured_media":84034,"comment_status":"closed","ping_status":"open","sticky":false,"template":"","format":"standard","meta":{"_lmt_disableupdate":"","_lmt_disable":"","_jetpack_memberships_contains_paid_content":false,"footnotes":""},"categories":[109,46],"tags":[133],"class_list":["post-84030","post","type-post","status-publish","format-standard","has-post-thumbnail","hentry","category-minuto-a-minuto","category-zona-blanca","tag-santa-cruz-xoxocotlan"],"jetpack_featured_media_url":"https:\/\/zonaroja.com.mx\/wp-content\/uploads\/2025\/08\/Luminarias-1.jpeg","jetpack_sharing_enabled":true,"_links":{"self":[{"href":"https:\/\/zonaroja.com.mx\/index.php?rest_route=\/wp\/v2\/posts\/84030","targetHints":{"allow":["GET"]}}],"collection":[{"href":"https:\/\/zonaroja.com.mx\/index.php?rest_route=\/wp\/v2\/posts"}],"about":[{"href":"https:\/\/zonaroja.com.mx\/index.php?rest_route=\/wp\/v2\/types\/post"}],"author":[{"embeddable":true,"href":"https:\/\/zonaroja.com.mx\/index.php?rest_route=\/wp\/v2\/users\/2"}],"replies":[{"embeddable":true,"href":"https:\/\/zonaroja.com.mx\/index.php?rest_route=%2Fwp%2Fv2%2Fcomments&post=84030"}],"version-history":[{"count":1,"href":"https:\/\/zonaroja.com.mx\/index.php?rest_route=\/wp\/v2\/posts\/84030\/revisions"}],"predecessor-version":[{"id":84035,"href":"https:\/\/zonaroja.com.mx\/index.php?rest_route=\/wp\/v2\/posts\/84030\/revisions\/84035"}],"wp:featuredmedia":[{"embeddable":true,"href":"https:\/\/zonaroja.com.mx\/index.php?rest_route=\/wp\/v2\/media\/84034"}],"wp:attachment":[{"href":"https:\/\/zonaroja.com.mx\/index.php?rest_route=%2Fwp%2Fv2%2Fmedia&parent=84030"}],"wp:term":[{"taxonomy":"category","embeddable":true,"href":"https:\/\/zonaroja.com.mx\/index.php?rest_route=%2Fwp%2Fv2%2Fcategories&post=84030"},{"taxonomy":"post_tag","embeddable":true,"href":"https:\/\/zonaroja.com.mx\/index.php?rest_route=%2Fwp%2Fv2%2Ftags&post=84030"}],"curies":[{"name":"wp","href":"https:\/\/api.w.org\/{rel}","templated":true}]}}