{"id":84041,"date":"2025-08-28T21:21:27","date_gmt":"2025-08-29T03:21:27","guid":{"rendered":"https:\/\/zonaroja.com.mx\/?p=84041"},"modified":"2025-08-28T21:21:30","modified_gmt":"2025-08-29T03:21:30","slug":"congratula-a-seccion-22-detencion-de-policia-estatal-por-caso-nochixtlan","status":"publish","type":"post","link":"https:\/\/zonaroja.com.mx\/?p=84041","title":{"rendered":"Congratula a Secci\u00f3n 22 detenci\u00f3n de polic\u00eda estatal por caso Nochixtl\u00e1n"},"content":{"rendered":"\n<p>Ismael Garc\u00eda M.\/Zona Roja.<\/p>\n\n\n\n<p>Oaxaca, Oax., a 28 de agosto de 2025.- La Secci\u00f3n 22 del Sindicato Nacional de Trabajadores de la Educaci\u00f3n expres\u00f3 su benepl\u00e1cito por la detenci\u00f3n de un elemento de la Polic\u00eda Estatal de Oaxaca, quien habr\u00eda participado en la masacre perpetrada el 19 de junio de 2016 en Asunci\u00f3n Nochixtl\u00e1n.<\/p>\n\n\n\n<p>Alrededor del mediod\u00eda de hoy ocurri\u00f3 la aprehensi\u00f3n de Jos\u00e9 Luis L. S., por parte de personal de la Fiscal\u00eda General de la Rep\u00fablica, cuando acud\u00eda a una audiencia a los juzgados del Poder Judicial Federal ubicados en el municipio de San Bartolo Coyotepec.<\/p>\n\n\n\n<p>Presuntamente particip\u00f3 en el asesinato de al menos tres personas, durante una manifestaci\u00f3n de integrantes del magisterio y pobladores de Nochixtl\u00e1n, quienes se enfrentaron con corporaciones policiacas estatal y federal, que pretend\u00edan liberar la supercarretera a M\u00e9xico.<\/p>\n\n\n\n<p>La detenci\u00f3n fue confirmada hoy por el Comit\u00e9 de V\u00edctimas por Justicia y Verdad 19 de Junio (COVIC), durante una conferencia de prensa en el z\u00f3calo de la ciudad de Oaxaca.<\/p>\n\n\n\n<p>\u201cEsto representa apenas un primer paso en la larga exigencia de justicia por los cr\u00edmenes de lesa humanidad cometidos en contra del pueblo que, con dignidad, se levant\u00f3 junto al magisterio democr\u00e1tico oaxaque\u00f1o en defensa de la educaci\u00f3n p\u00fablica y contra las pol\u00edticas neoliberales que a sangre y fuego se implementaron.<\/p>\n\n\n\n<p>\u201cEl Movimiento Democr\u00e1tico de Trabajadores de la Educaci\u00f3n de Oaxaca (MDTEO) se mantendr\u00e1 vigilante para que este proceso no se convierta en un mero distractor pol\u00edtico, sino en un camino verdadero hacia la justicia integral.&nbsp;<\/p>\n\n\n\n<p>\u201cLa Secci\u00f3n XXII estar\u00e1 atenta para que se garantice el debido proceso, se castiguen a los responsables materiales e intelectuales y se repare de manera integral el da\u00f1o causado a las v\u00edctimas, sobrevivientes y familiares\u201d, destac\u00f3 la Secci\u00f3n 22 en un comunicado.<\/p>\n\n\n\n<p>Reiter\u00f3 que a nueve a\u00f1os de aquel crimen de Estado, la justicia a\u00fan no ha llegado y la impunidad persiste. \u201cLa reforma neoliberal contra la educaci\u00f3n tampoco ha ca\u00eddo, por lo que la lucha magisterial y popular sigue vigente hasta que el pueblo logre justicia plena, abrogaci\u00f3n total de las reformas y respeto a los derechos colectivos\u201d.<\/p>\n\n\n\n<figure class=\"wp-block-embed is-type-rich is-provider-twitter wp-block-embed-twitter\"><div class=\"wp-block-embed__wrapper\">\n<div class=\"twitter-tweet\"><blockquote class=\"twitter-tweet\" data-lang=\"es\"><p lang=\"es\" dir=\"ltr\">Confirma el Comit\u00e9 de V\u00edctimas de Nochixtl\u00e1n la detenci\u00f3n del elemento de la Polic\u00eda Vial Estatal, Jos\u00e9 Luis L. S., acusado de haber participado en el asesinato de tres personas durante la masacre del 19 de junio de 2016. <a href=\"https:\/\/t.co\/Va0U9BwCuX\">pic.twitter.com\/Va0U9BwCuX<\/a><\/p>&mdash; Zona Roja Oaxaca (@ZonaRoja_Oaxaca) <a href=\"https:\/\/twitter.com\/ZonaRoja_Oaxaca\/status\/1961206803808608694?ref_src=twsrc%5Etfw\">28 de agosto de 2025<\/a><\/blockquote><\/div>\n<\/div><\/figure>\n","protected":false},"excerpt":{"rendered":"<p>Ismael Garc\u00eda M.\/Zona Roja. Oaxaca, Oax., a 28 de agosto de 2025.- La Secci\u00f3n 22&hellip;<\/p>\n","protected":false},"author":2,"featured_media":84042,"comment_status":"closed","ping_status":"open","sticky":false,"template":"","format":"standard","meta":{"_lmt_disableupdate":"","_lmt_disable":"","_jetpack_memberships_contains_paid_content":false,"footnotes":""},"categories":[109,47],"tags":[249,248],"class_list":["post-84041","post","type-post","status-publish","format-standard","has-post-thumbnail","hentry","category-minuto-a-minuto","category-zona-gris","tag-comite-de-victimas-nochixtlan","tag-covic"],"jetpack_featured_media_url":"https:\/\/zonaroja.com.mx\/wp-content\/uploads\/2025\/08\/Detenido-Covic-policia-Nochixtla\u00b4n.jpg","jetpack_sharing_enabled":true,"_links":{"self":[{"href":"https:\/\/zonaroja.com.mx\/index.php?rest_route=\/wp\/v2\/posts\/84041","targetHints":{"allow":["GET"]}}],"collection":[{"href":"https:\/\/zonaroja.com.mx\/index.php?rest_route=\/wp\/v2\/posts"}],"about":[{"href":"https:\/\/zonaroja.com.mx\/index.php?rest_route=\/wp\/v2\/types\/post"}],"author":[{"embeddable":true,"href":"https:\/\/zonaroja.com.mx\/index.php?rest_route=\/wp\/v2\/users\/2"}],"replies":[{"embeddable":true,"href":"https:\/\/zonaroja.com.mx\/index.php?rest_route=%2Fwp%2Fv2%2Fcomments&post=84041"}],"version-history":[{"count":1,"href":"https:\/\/zonaroja.com.mx\/index.php?rest_route=\/wp\/v2\/posts\/84041\/revisions"}],"predecessor-version":[{"id":84043,"href":"https:\/\/zonaroja.com.mx\/index.php?rest_route=\/wp\/v2\/posts\/84041\/revisions\/84043"}],"wp:featuredmedia":[{"embeddable":true,"href":"https:\/\/zonaroja.com.mx\/index.php?rest_route=\/wp\/v2\/media\/84042"}],"wp:attachment":[{"href":"https:\/\/zonaroja.com.mx\/index.php?rest_route=%2Fwp%2Fv2%2Fmedia&parent=84041"}],"wp:term":[{"taxonomy":"category","embeddable":true,"href":"https:\/\/zonaroja.com.mx\/index.php?rest_route=%2Fwp%2Fv2%2Fcategories&post=84041"},{"taxonomy":"post_tag","embeddable":true,"href":"https:\/\/zonaroja.com.mx\/index.php?rest_route=%2Fwp%2Fv2%2Ftags&post=84041"}],"curies":[{"name":"wp","href":"https:\/\/api.w.org\/{rel}","templated":true}]}}