{"id":84047,"date":"2025-08-29T09:00:00","date_gmt":"2025-08-29T15:00:00","guid":{"rendered":"https:\/\/zonaroja.com.mx\/?p=84047"},"modified":"2025-08-29T07:23:01","modified_gmt":"2025-08-29T13:23:01","slug":"sujeto-armado-amenaza-con-arma-de-fuego-a-padres-de-familia-en-huajuapan","status":"publish","type":"post","link":"https:\/\/zonaroja.com.mx\/?p=84047","title":{"rendered":"Sujeto armado amenaza con arma de fuego a padres de familia en Huajuapan"},"content":{"rendered":"\n<p>Ismael Garc\u00eda M.\/Zona Roja.<\/p>\n\n\n\n<p>Oaxaca, Oax., a 29 de agosto de 2025.- Una persona del sexo masculino amenaz\u00f3 con un arma de fuego a dirigentes del magisterio estatal y padres de familia en Huajuapan de Le\u00f3n.<\/p>\n\n\n\n<p>El hecho ocurri\u00f3 ayer en el exterior de la escuela Secundaria para Trabajadores \u201cRicardo Flores Mag\u00f3n\u201d, que enfrenta desde hace varios d\u00edas un conflicto interno.<\/p>\n\n\n\n<p>Presuntamente el individuo que los amenaz\u00f3 pertenece a una organizaci\u00f3n social, \u201cquienes est\u00e1n generando violencia en esta instituci\u00f3n educativa, entorpeciendo los trabajos administrativos y educativos de esta escuela\u201d.<\/p>\n\n\n\n<p>Debido a que temen por la integridad f\u00edsica de la comunidad escolar, los padres de familia pidieron la intervenci\u00f3n urgente del Gobierno del Estado con la finalidad de que garantice la seguridad y la paz social.<\/p>\n\n\n\n<p>Por su parte, la Secci\u00f3n 22 del Sindicato Nacional de Trabajadores de la Educaci\u00f3n (SNTE) conden\u00f3 el hecho de violencia y confirm\u00f3 que entre los amenazados se encontraban integrantes del Comit\u00e9 Ejecutivo Seccional, \u201cquienes se encontraban de manera pac\u00edfica atendiendo una problem\u00e1tica en el Centro de Trabajo Sindical (C.T.S.) 188, correspondiente a la Escuela Secundaria General para Trabajadores\u201d.<\/p>\n\n\n\n<p>Detall\u00f3 que durante esta labor sindical, los afiliados al gremio fueron sorpresivamente agredidos por personas ajenas a la instituci\u00f3n educativa, \u201clo cual constituye un acto inadmisible de violencia en un espacio que debe privilegiar el di\u00e1logo y la construcci\u00f3n colectiva\u201d.<\/p>\n\n\n\n<p>Conden\u00f3 la agresi\u00f3n f\u00edsica cometida en contra de los integrantes de la comisi\u00f3n encargada en atender el conflicto, por parte de un sujeto no identificado, \u201cquien sac\u00f3 un arma de fuego apuntando hacia nuestros compa\u00f1eros y hacia las madres y padres de familia que se encontraban presentes. Estos hechos lamentables ponen en riesgo la integridad de quienes conforman la estructura sindical y de la comunidad educativa en general\u201d.<\/p>\n\n\n\n<p>Por ello, reprob\u00f3 la violencia ejercida \u201cpor un grupo de choque vinculado a organizaciones de taxistas que intervinieron de forma violenta en estos hechos\u201d y los responsabilidad de la integridad f\u00edsica de los representantes magisteriales.<\/p>\n\n\n\n<p>Se\u00f1alaron a los maestros Romualdo Gonz\u00e1lez Su\u00e1rez, supervisor, y V\u00edctor Hugo Oropeza L\u00f3pez, as\u00ed como a la se\u00f1ora Juana Delfina Osorio Mata, \u201cquien se ostenta como pseudopresidenta del Comit\u00e9 de Padres de Familia sin ser parte leg\u00edtima de esta comunidad escolar\u201d, de llamar a personas ajenas a la instituci\u00f3n.<\/p>\n\n\n\n<p>La Secci\u00f3n 22 demand\u00f3 adem\u00e1s a los secretarios generales y representantes legales de las organizaciones de taxistas involucradas, que investiguen la portaci\u00f3n de armas de fuego por parte de sus agremiados y su participaci\u00f3n en actos de violencia, sin realizar las revisiones pertinentes en sus unidades y afiliados<\/p>\n\n\n\n<p>Tambi\u00e9n, exigi\u00f3 a las autoridades competentes garantizar la integridad f\u00edsica de la plantilla escolar, de las madres y los padres de familia, as\u00ed como de todas las personas que se encontraban presentes en el plantel educativo durante la presentaci\u00f3n del nuevo director, conforme al dictamen correspondiente, y en el marco del inicio de los trabajos administrativos del nuevo ciclo escolar.<\/p>\n\n\n\n<figure class=\"wp-block-embed\"><div class=\"wp-block-embed__wrapper\">\nhttps:\/\/www.facebook.com\/share\/p\/1BExjmr6ER\n<\/div><\/figure>\n","protected":false},"excerpt":{"rendered":"<p>Ismael Garc\u00eda M.\/Zona Roja. Oaxaca, Oax., a 29 de agosto de 2025.- Una persona del&hellip;<\/p>\n","protected":false},"author":2,"featured_media":84049,"comment_status":"closed","ping_status":"open","sticky":false,"template":"","format":"standard","meta":{"_lmt_disableupdate":"","_lmt_disable":"","_jetpack_memberships_contains_paid_content":false,"footnotes":""},"categories":[109,47],"tags":[594],"class_list":["post-84047","post","type-post","status-publish","format-standard","has-post-thumbnail","hentry","category-minuto-a-minuto","category-zona-gris","tag-huajuapan-de-leon"],"jetpack_featured_media_url":"https:\/\/zonaroja.com.mx\/wp-content\/uploads\/2025\/08\/Amenaza-armado-secundaria-trabajadores-Huajuapan.jpg","jetpack_sharing_enabled":true,"_links":{"self":[{"href":"https:\/\/zonaroja.com.mx\/index.php?rest_route=\/wp\/v2\/posts\/84047","targetHints":{"allow":["GET"]}}],"collection":[{"href":"https:\/\/zonaroja.com.mx\/index.php?rest_route=\/wp\/v2\/posts"}],"about":[{"href":"https:\/\/zonaroja.com.mx\/index.php?rest_route=\/wp\/v2\/types\/post"}],"author":[{"embeddable":true,"href":"https:\/\/zonaroja.com.mx\/index.php?rest_route=\/wp\/v2\/users\/2"}],"replies":[{"embeddable":true,"href":"https:\/\/zonaroja.com.mx\/index.php?rest_route=%2Fwp%2Fv2%2Fcomments&post=84047"}],"version-history":[{"count":1,"href":"https:\/\/zonaroja.com.mx\/index.php?rest_route=\/wp\/v2\/posts\/84047\/revisions"}],"predecessor-version":[{"id":84050,"href":"https:\/\/zonaroja.com.mx\/index.php?rest_route=\/wp\/v2\/posts\/84047\/revisions\/84050"}],"wp:featuredmedia":[{"embeddable":true,"href":"https:\/\/zonaroja.com.mx\/index.php?rest_route=\/wp\/v2\/media\/84049"}],"wp:attachment":[{"href":"https:\/\/zonaroja.com.mx\/index.php?rest_route=%2Fwp%2Fv2%2Fmedia&parent=84047"}],"wp:term":[{"taxonomy":"category","embeddable":true,"href":"https:\/\/zonaroja.com.mx\/index.php?rest_route=%2Fwp%2Fv2%2Fcategories&post=84047"},{"taxonomy":"post_tag","embeddable":true,"href":"https:\/\/zonaroja.com.mx\/index.php?rest_route=%2Fwp%2Fv2%2Ftags&post=84047"}],"curies":[{"name":"wp","href":"https:\/\/api.w.org\/{rel}","templated":true}]}}