{"id":8405,"date":"2020-02-04T17:47:30","date_gmt":"2020-02-04T23:47:30","guid":{"rendered":"http:\/\/www.zonaroja.com.mx\/?p=8405"},"modified":"2020-02-04T17:47:35","modified_gmt":"2020-02-04T23:47:35","slug":"tras-reclamo-de-la-uabjo-presidente-del-congreso-asegura-que-es-respetuoso-de-autonomia","status":"publish","type":"post","link":"https:\/\/zonaroja.com.mx\/?p=8405","title":{"rendered":"Tras reclamo de la UABJO, presidente del Congreso asegura que es respetuoso de autonom\u00eda"},"content":{"rendered":"\n<p>Redacci\u00f3n\/Zona Roja.<\/p>\n\n\n\n<p>Oaxaca de Ju\u00e1rez, Oax., 4 de febrero de\n2020.- Luego del reclamo del rector Eduardo Bautista Mart\u00ednez ante la\npretensi\u00f3n del legislador Mauro Cruz de inmiscuirse en asuntos internos de la\nUniversidad, el presidente de la Junta de Coordinaci\u00f3n Pol\u00edtica del Congreso\nlocal, Horacio Sosa, asever\u00f3 que el Poder Legislativo ser\u00e1 respetuoso de la\nautonom\u00eda de la UABJO.<\/p>\n\n\n\n<p>\u201cComo universitario soy respetuoso de\nla autonom\u00eda de la Universidad, cada diputado es responsable de las propuestas\nque presenta ante el pleno, sin embargo, al interior del grupo parlamentario de\nMorena prevalece el respeto a la autonom\u00eda de la Universidad Aut\u00f3noma \u201cBenito\nJu\u00e1rez\u201d de Oaxaca (UABJO)\u201d, puntualiz\u00f3.<\/p>\n\n\n\n<p>Ello en referencia a la iniciativa\nplanteada por uno de sus hom\u00f3logos en la 64 Legislatura, que propone la\ncreaci\u00f3n de un \u00f3rgano de fiscalizaci\u00f3n de la m\u00e1xima casa de estudios de los\noaxaque\u00f1os.<\/p>\n\n\n\n<p>Dijo que cada diputado tiene derecho de\npresentar iniciativas, pero ser\u00e1 necesario un an\u00e1lisis profundo que pondere el\nrespeto a la autonom\u00eda de la UABJO.<\/p>\n\n\n\n<p>Horacio Sosa se\u00f1al\u00f3 que los diputados\ndeben hacer v\u00ednculos con la universidad, por lo que ser\u00e1 necesario unir\nesfuerzos encaminados a mejorar la calidad educativa y de servicios que ofrece.<\/p>\n\n\n\n<p>\u201cLo que nos mueve a los diputados es\nOaxaca y hoy tenemos que trabajar de la mano del rector, de las maestras y\nmaestros y alumnos de la universidad, por eso debemos ser muy respetuosos\u201d,\nexpuso mediante un comunicado.<\/p>\n","protected":false},"excerpt":{"rendered":"<p>Redacci\u00f3n\/Zona Roja. Oaxaca de Ju\u00e1rez, Oax., 4 de febrero de 2020.- Luego del reclamo del&hellip;<\/p>\n","protected":false},"author":2,"featured_media":8406,"comment_status":"closed","ping_status":"open","sticky":false,"template":"","format":"standard","meta":{"_lmt_disableupdate":"","_lmt_disable":"","_jetpack_memberships_contains_paid_content":false,"footnotes":""},"categories":[109,47],"tags":[444],"class_list":["post-8405","post","type-post","status-publish","format-standard","has-post-thumbnail","hentry","category-minuto-a-minuto","category-zona-gris","tag-horacio-sosa-villavicencio"],"jetpack_featured_media_url":"https:\/\/zonaroja.com.mx\/wp-content\/uploads\/2020\/02\/Horacio-Sosa.jpeg","jetpack_sharing_enabled":true,"_links":{"self":[{"href":"https:\/\/zonaroja.com.mx\/index.php?rest_route=\/wp\/v2\/posts\/8405","targetHints":{"allow":["GET"]}}],"collection":[{"href":"https:\/\/zonaroja.com.mx\/index.php?rest_route=\/wp\/v2\/posts"}],"about":[{"href":"https:\/\/zonaroja.com.mx\/index.php?rest_route=\/wp\/v2\/types\/post"}],"author":[{"embeddable":true,"href":"https:\/\/zonaroja.com.mx\/index.php?rest_route=\/wp\/v2\/users\/2"}],"replies":[{"embeddable":true,"href":"https:\/\/zonaroja.com.mx\/index.php?rest_route=%2Fwp%2Fv2%2Fcomments&post=8405"}],"version-history":[{"count":1,"href":"https:\/\/zonaroja.com.mx\/index.php?rest_route=\/wp\/v2\/posts\/8405\/revisions"}],"predecessor-version":[{"id":8407,"href":"https:\/\/zonaroja.com.mx\/index.php?rest_route=\/wp\/v2\/posts\/8405\/revisions\/8407"}],"wp:featuredmedia":[{"embeddable":true,"href":"https:\/\/zonaroja.com.mx\/index.php?rest_route=\/wp\/v2\/media\/8406"}],"wp:attachment":[{"href":"https:\/\/zonaroja.com.mx\/index.php?rest_route=%2Fwp%2Fv2%2Fmedia&parent=8405"}],"wp:term":[{"taxonomy":"category","embeddable":true,"href":"https:\/\/zonaroja.com.mx\/index.php?rest_route=%2Fwp%2Fv2%2Fcategories&post=8405"},{"taxonomy":"post_tag","embeddable":true,"href":"https:\/\/zonaroja.com.mx\/index.php?rest_route=%2Fwp%2Fv2%2Ftags&post=8405"}],"curies":[{"name":"wp","href":"https:\/\/api.w.org\/{rel}","templated":true}]}}