{"id":84051,"date":"2025-08-29T10:00:00","date_gmt":"2025-08-29T16:00:00","guid":{"rendered":"https:\/\/zonaroja.com.mx\/?p=84051"},"modified":"2025-08-29T07:41:03","modified_gmt":"2025-08-29T13:41:03","slug":"edil-de-oaxaca-de-juarez-estrecha-colaboracion-con-la-secretaria-de-marina","status":"publish","type":"post","link":"https:\/\/zonaroja.com.mx\/?p=84051","title":{"rendered":"Edil de Oaxaca de Ju\u00e1rez estrecha colaboraci\u00f3n con la Secretar\u00eda de Marina"},"content":{"rendered":"\n<p>Redacci\u00f3n\/Zona Roja.<\/p>\n\n\n\n<p>Oaxaca, Oax., a 29 de agosto de 2025.- Con el prop\u00f3sito de fortalecer la coordinaci\u00f3n institucional y construir proyectos estrat\u00e9gicos que beneficien directamente a las vecinas y vecinos de la capital, el presidente municipal de Oaxaca de Ju\u00e1rez, Ray Chagoya, sostuvo una reuni\u00f3n con el Secretario de Marina- Armada de M\u00e9xico, Almirante Raymundo Pedro Morales \u00c1ngeles.&nbsp;<\/p>\n\n\n\n<p>Durante el encuentro se abordaron temas fundamentales como la seguridad p\u00fablica vecinal, que contempla recorridos en la Central de Abasto, asesor\u00edas en materia de percepci\u00f3n ciudadana, as\u00ed como la formaci\u00f3n y capacitaci\u00f3n de un grupo de alto rendimiento de la Fuerza Vecinal.<\/p>\n\n\n\n<p>Otro tema abordado fue el desazolve de r\u00edos, para impulsar el saneamiento de los afluentes Atoyac y Salado mediante la Direcci\u00f3n de Dragado y Desarrollo Portuario.&nbsp;<\/p>\n\n\n\n<p>De igual forma, para realizar los estudios hidrogr\u00e1fico\u2013meteorol\u00f3gicos para la gesti\u00f3n del riesgo, con el fin de actualizar el Plan Lluvia Segura, identificar zonas de riesgo y generar un diagn\u00f3stico de la red de drenaje que permita prevenir inundaciones.<\/p>\n\n\n\n<p>Ray Chagoya subray\u00f3 que con trabajo en equipo y visi\u00f3n de futuro se avanza hacia una ciudad m\u00e1s segura, ordenada y con oportunidades para todas y todos, destacando la disposici\u00f3n de la Secretar\u00eda de Marina para sumar esfuerzos en beneficio de la ciudadan\u00eda.<\/p>\n\n\n\n<p>CABILDO JUVENIL<\/p>\n\n\n\n<p>Por otra parte, con la participaci\u00f3n de estudiantes de secundaria y bachillerato, el ayuntamiento de Oaxaca de Ju\u00e1rez llev\u00f3 a cabo la instalaci\u00f3n del Cabildo Juvenil 2025, un ejercicio que abri\u00f3 las puertas del Sal\u00f3n \u201cPorfirio D\u00edaz Mori\u201d para que las nuevas generaciones expresaran sus ideas y propuestas sobre el futuro de la ciudad.<\/p>\n\n\n\n<p>En esta sesi\u00f3n, Renata Garc\u00eda Arenas asumi\u00f3 el papel de presidenta municipal, mientras que Odiseo Saulo Osorio G\u00f3mez e Isabella Fernanda Hern\u00e1ndez Soriano participaron como s\u00edndicos, encabezando los trabajos en los que se abordaron temas de educaci\u00f3n, medio ambiente, cultura, juventud y derechos humanos .<\/p>\n\n\n\n<p>El presidente municipal, Ray Chagoya, subray\u00f3 que este Cabildo Juvenil es una muestra de la energ\u00eda, creatividad y compromiso de las y los j\u00f3venes, quienes demostraron liderazgo y visi\u00f3n para transformar Oaxaca de Ju\u00e1rez en un municipio m\u00e1s justo, limpio y seguro .<\/p>\n\n\n\n<p>La jornada concluy\u00f3 con un mensaje de reconocimiento a todas y todos los integrantes del Cabildo Juvenil, quienes dejaron claro que la juventud no es solo el futuro, sino el presente que ya aporta soluciones a los retos de la capital.<\/p>\n","protected":false},"excerpt":{"rendered":"<p>Redacci\u00f3n\/Zona Roja. Oaxaca, Oax., a 29 de agosto de 2025.- Con el prop\u00f3sito de fortalecer&hellip;<\/p>\n","protected":false},"author":2,"featured_media":84054,"comment_status":"closed","ping_status":"open","sticky":false,"template":"","format":"standard","meta":{"_lmt_disableupdate":"","_lmt_disable":"","_jetpack_memberships_contains_paid_content":false,"footnotes":""},"categories":[109,46],"tags":[148,4403],"class_list":["post-84051","post","type-post","status-publish","format-standard","has-post-thumbnail","hentry","category-minuto-a-minuto","category-zona-blanca","tag-oaxaca-de-juarez","tag-ray-chagoya"],"jetpack_featured_media_url":"https:\/\/zonaroja.com.mx\/wp-content\/uploads\/2025\/08\/Ray-Chagoya-Oaxaca-secretario-de-Marina.jpeg","jetpack_sharing_enabled":true,"_links":{"self":[{"href":"https:\/\/zonaroja.com.mx\/index.php?rest_route=\/wp\/v2\/posts\/84051","targetHints":{"allow":["GET"]}}],"collection":[{"href":"https:\/\/zonaroja.com.mx\/index.php?rest_route=\/wp\/v2\/posts"}],"about":[{"href":"https:\/\/zonaroja.com.mx\/index.php?rest_route=\/wp\/v2\/types\/post"}],"author":[{"embeddable":true,"href":"https:\/\/zonaroja.com.mx\/index.php?rest_route=\/wp\/v2\/users\/2"}],"replies":[{"embeddable":true,"href":"https:\/\/zonaroja.com.mx\/index.php?rest_route=%2Fwp%2Fv2%2Fcomments&post=84051"}],"version-history":[{"count":1,"href":"https:\/\/zonaroja.com.mx\/index.php?rest_route=\/wp\/v2\/posts\/84051\/revisions"}],"predecessor-version":[{"id":84055,"href":"https:\/\/zonaroja.com.mx\/index.php?rest_route=\/wp\/v2\/posts\/84051\/revisions\/84055"}],"wp:featuredmedia":[{"embeddable":true,"href":"https:\/\/zonaroja.com.mx\/index.php?rest_route=\/wp\/v2\/media\/84054"}],"wp:attachment":[{"href":"https:\/\/zonaroja.com.mx\/index.php?rest_route=%2Fwp%2Fv2%2Fmedia&parent=84051"}],"wp:term":[{"taxonomy":"category","embeddable":true,"href":"https:\/\/zonaroja.com.mx\/index.php?rest_route=%2Fwp%2Fv2%2Fcategories&post=84051"},{"taxonomy":"post_tag","embeddable":true,"href":"https:\/\/zonaroja.com.mx\/index.php?rest_route=%2Fwp%2Fv2%2Ftags&post=84051"}],"curies":[{"name":"wp","href":"https:\/\/api.w.org\/{rel}","templated":true}]}}