{"id":84056,"date":"2025-08-29T11:00:00","date_gmt":"2025-08-29T17:00:00","guid":{"rendered":"https:\/\/zonaroja.com.mx\/?p=84056"},"modified":"2025-08-29T07:45:33","modified_gmt":"2025-08-29T13:45:33","slug":"tiene-oaxaca-la-brecha-de-genero-mas-alta-del-pais-en-el-trabajo","status":"publish","type":"post","link":"https:\/\/zonaroja.com.mx\/?p=84056","title":{"rendered":"Tiene Oaxaca la brecha de g\u00e9nero m\u00e1s alta del pa\u00eds en el trabajo"},"content":{"rendered":"\n<p>Lisbeth Mej\u00eda Reyes\/Zona Roja.<\/p>\n\n\n\n<p>Oaxaca, Oax., a 29 de agosto de 2025.- El estado de Oaxaca tiene la brecha de g\u00e9nero m\u00e1s alta del pa\u00eds en cuanto al tiempo total dedicado al trabajo por semana.&nbsp;<\/p>\n\n\n\n<p>Aqu\u00ed, las desigualdades entre estos g\u00e9neros muestran que ellas laboran 8.4 horas m\u00e1s que los hombres, de acuerdo con la Encuesta Nacional sobre el Uso del Tiempo (ENUT) 2024.<\/p>\n\n\n\n<p>Esta diferencia es de m\u00e1s de cinco horas comparada con la nacional (3.1), como se observa en los resultados de la encuesta del Instituto Nacional de Estad\u00edstica y Geograf\u00eda (Inegi).<\/p>\n\n\n\n<p>El tiempo dedicado al trabajo abarca tanto las actividades remuneradas (o del mercado laboral) como las no remuneradas.&nbsp;<\/p>\n\n\n\n<p>Estas \u00faltimas son principalmente la limpieza y cuidado del hogar, el cuidado de los hijos y de otras personas dependientes, los que en una sociedad machista se atribuyen pr\u00e1cticamente como una responsabilidad de las mujeres por ser mujeres.<\/p>\n\n\n\n<p>\u00abLas entidades federativas con mayores diferencias en el tiempo total de trabajo entre mujeres &nbsp;y hombres fueron Oaxaca (8.4 horas), Guerrero y Nayarit (7.1, en ambos casos)\u00bb, se\u00f1ala el INEGI.&nbsp;<\/p>\n\n\n\n<p>En otros estados como Quintana Roo (-0.4 horas) y Yucat\u00e1n (-0.2 horas) esta es menor e incluso muestra que los hombres dedican ligeramente un poco m\u00e1s tiempo que las mujeres al trabajo (minutos).&nbsp;<\/p>\n\n\n\n<p>A nivel nacional, la encuesta deja ver que las mujeres dedicaron 61.1 horas semanales al tiempo total de trabajo; los hombres \u00a058.0 horas. Es decir, una diferencia de 3.1 horas.<\/p>\n\n\n\n<p>Adem\u00e1s de que las mujeres dieron en promedio 39.7 horas semanales al trabajo dom\u00e9stico, de cuidados y voluntario, mientras que los hombres,18.2 horas: la brecha fue de &nbsp;21.5 horas.&nbsp;<\/p>\n\n\n\n<p>Esto quiere decir que ellas gastan el doble de tiempo que ellos en estos trabajos, por los cuales no reciben ning\u00fan pago.<\/p>\n\n\n\n<p>Esta brecha de g\u00e9nero es a\u00fan m\u00e1s amplia para hablantes de lengua ind\u00edgena (27.3 horas) y para quienes residen en localidades con menos de 10 mil habitantes (26.4 horas), en las que las mujeres dan m\u00e1s de su tiempo al trabajo del hogar y de cuidados. <\/p>\n\n\n\n<p>En este \u00faltimo aspecto, las mujeres dedicaron, en promedio, 9.4 horas m\u00e1s a la semana que los hombres al cuidado de ni\u00f1as y ni\u00f1os de 0 a 5 a\u00f1os y 5.3 horas m\u00e1s en cuidados a personas con \u00a0alguna enfermedad o discapacidad.<\/p>\n","protected":false},"excerpt":{"rendered":"<p>Lisbeth Mej\u00eda Reyes\/Zona Roja. Oaxaca, Oax., a 29 de agosto de 2025.- El estado de&hellip;<\/p>\n","protected":false},"author":2,"featured_media":84057,"comment_status":"closed","ping_status":"open","sticky":false,"template":"","format":"standard","meta":{"_lmt_disableupdate":"","_lmt_disable":"","_jetpack_memberships_contains_paid_content":false,"footnotes":""},"categories":[109,47],"tags":[],"class_list":["post-84056","post","type-post","status-publish","format-standard","has-post-thumbnail","hentry","category-minuto-a-minuto","category-zona-gris"],"jetpack_featured_media_url":"https:\/\/zonaroja.com.mx\/wp-content\/uploads\/2025\/08\/Mujeres-trabajadoras.jpg","jetpack_sharing_enabled":true,"_links":{"self":[{"href":"https:\/\/zonaroja.com.mx\/index.php?rest_route=\/wp\/v2\/posts\/84056","targetHints":{"allow":["GET"]}}],"collection":[{"href":"https:\/\/zonaroja.com.mx\/index.php?rest_route=\/wp\/v2\/posts"}],"about":[{"href":"https:\/\/zonaroja.com.mx\/index.php?rest_route=\/wp\/v2\/types\/post"}],"author":[{"embeddable":true,"href":"https:\/\/zonaroja.com.mx\/index.php?rest_route=\/wp\/v2\/users\/2"}],"replies":[{"embeddable":true,"href":"https:\/\/zonaroja.com.mx\/index.php?rest_route=%2Fwp%2Fv2%2Fcomments&post=84056"}],"version-history":[{"count":1,"href":"https:\/\/zonaroja.com.mx\/index.php?rest_route=\/wp\/v2\/posts\/84056\/revisions"}],"predecessor-version":[{"id":84058,"href":"https:\/\/zonaroja.com.mx\/index.php?rest_route=\/wp\/v2\/posts\/84056\/revisions\/84058"}],"wp:featuredmedia":[{"embeddable":true,"href":"https:\/\/zonaroja.com.mx\/index.php?rest_route=\/wp\/v2\/media\/84057"}],"wp:attachment":[{"href":"https:\/\/zonaroja.com.mx\/index.php?rest_route=%2Fwp%2Fv2%2Fmedia&parent=84056"}],"wp:term":[{"taxonomy":"category","embeddable":true,"href":"https:\/\/zonaroja.com.mx\/index.php?rest_route=%2Fwp%2Fv2%2Fcategories&post=84056"},{"taxonomy":"post_tag","embeddable":true,"href":"https:\/\/zonaroja.com.mx\/index.php?rest_route=%2Fwp%2Fv2%2Ftags&post=84056"}],"curies":[{"name":"wp","href":"https:\/\/api.w.org\/{rel}","templated":true}]}}