{"id":84061,"date":"2025-08-29T13:48:00","date_gmt":"2025-08-29T19:48:00","guid":{"rendered":"https:\/\/zonaroja.com.mx\/?p=84061"},"modified":"2025-08-29T07:53:19","modified_gmt":"2025-08-29T13:53:19","slug":"dan-66-anos-de-carcel-a-feminicida-de-su-esposa-en-san-andres-zautla","status":"publish","type":"post","link":"https:\/\/zonaroja.com.mx\/?p=84061","title":{"rendered":"Dan 66 a\u00f1os de c\u00e1rcel a feminicida de su esposa, en San Andr\u00e9s Zautla\u00a0"},"content":{"rendered":"\n<p>Redacci\u00f3n\/Zona Roja.<\/p>\n\n\n\n<p>Oaxaca, Oax., a 29 de agosto de 2025.- Como resultado de las investigaciones ministeriales especializadas con perspectiva de g\u00e9nero, la Fiscal\u00eda General del Estado de Oaxaca (FGEO) obtuvo sentencia condenatoria de 66 a\u00f1os y ocho meses de prisi\u00f3n en contra de una persona del sexo masculino identificada como Eduardo Javier A.M., responsable por el delito de feminicidio agravado en agravio de N.B.G.N. (quien era su esposa), cometido en la regi\u00f3n de los Valles Centrales.<\/p>\n\n\n\n<p>De acuerdo con la causa penal, los hechos ocurrieron el 17 y 18 de septiembre de 2020, en un domicilio ubicado en la calle de 5 de Mayo, en el municipio de San Andr\u00e9s Zautla, distrito de Etla, lugar donde el hoy sentenciado agredi\u00f3 verbal y f\u00edsicamente a la v\u00edctima con un objeto contundente, provocando lesiones que le ocasionaron la muerte.<\/p>\n\n\n\n<p>Las indagatorias revelan que, posteriormente el sentenciado llev\u00f3 el cuerpo de la v\u00edctima hasta un pozo localizado en la parte trasera del domicilio mencionado, en donde lo arroj\u00f3, con la intenci\u00f3n de ocultar el delito.<\/p>\n\n\n\n<p>Tras su ausencia, la v\u00edctima fue reportada como No Localizada, por lo que de inmediato se activaron los protocolos de b\u00fasqueda correspondientes, sin embargo, fue hallada sin vida el 1 de octubre de 2020.<\/p>\n\n\n\n<p>Ante estos hechos, la FGEO inici\u00f3 una exhaustiva investigaci\u00f3n, a trav\u00e9s de la Vicefiscal\u00eda General de Control Regional, logrando obtener elementos de prueba suficientes para presentar ante el juez a Eduardo Javier A.M.<\/p>\n\n\n\n<p>Derivado de las investigaciones presentadas por la Fiscal\u00eda de Oaxaca, el Tribunal de Enjuiciamiento determin\u00f3 dictar sentencia condenatoria en contra de Eduardo Javier A.M., a quien impusieron una pena de 66 a\u00f1os y 08 meses de prisi\u00f3n por el delito de feminicidio agravado, adem\u00e1s imponer el pago de una multa y el pago por la reparaci\u00f3n del da\u00f1o.<\/p>\n\n\n\n<p>VIOLADOR DETENIDO<\/p>\n\n\n\n<p>En otro caso, la instituci\u00f3n oaxaque\u00f1a, en colaboraci\u00f3n interinstitucional con la Fiscal\u00eda del estado de Quer\u00e9taro, ejecutaron una orden de aprehensi\u00f3n que permiti\u00f3 la detenci\u00f3n de una persona del sexo masculino identificado como J.R.O.V., por el delito violaci\u00f3n agravada en perjuicio de su propia hija, cometido en la regi\u00f3n de los Valles Centrales.<\/p>\n\n\n\n<p>La detenci\u00f3n de J.R.O.V., la efectu\u00f3 la Polic\u00eda Ministerial de la Fiscal\u00eda de Quer\u00e9taro, derivado de las investigaciones ministeriales de la Fiscal\u00eda de Oaxaca que localiz\u00f3 al imputado que hab\u00eda salido de la entidad para evadir la acci\u00f3n de la justicia.<\/p>\n\n\n\n<p>De acuerdo con el expediente penal del caso, los hechos ocurrieron el 24 y 29 de diciembre de 2018, en un domicilio ubicado en la colonia La Paz, perteneciente a Santa Cruz Xoxocotl\u00e1n, lugar donde la v\u00edctima sufri\u00f3 agresiones.<\/p>\n\n\n\n<p>Una vez que la FGEO tom\u00f3 conocimiento del caso, inici\u00f3 las investigaciones a trav\u00e9s de la Fiscal\u00eda Especializada en Justicia para Adolescentes, logrando obtener una orden de aprehensi\u00f3n en contra de J.R.O.V.<\/p>\n\n\n\n<p>Por lo que al realizar las labores de localizaci\u00f3n, se pudo establecer que J.R.O.V. se encontraba en el estado de Quer\u00e9taro, por lo que se solicit\u00f3 la colaboraci\u00f3n con la Fiscal\u00eda de aquella entidad para la ejecuci\u00f3n de la orden de aprehensi\u00f3n.<\/p>\n\n\n\n<p>Una vez detenido, se iniciaron los tr\u00e1mites administrativos para su traslado a la ciudad de Oaxaca para quedar a disposici\u00f3n de la autoridad ministerial correspondiente.<\/p>\n","protected":false},"excerpt":{"rendered":"<p>Redacci\u00f3n\/Zona Roja. Oaxaca, Oax., a 29 de agosto de 2025.- Como resultado de las investigaciones&hellip;<\/p>\n","protected":false},"author":2,"featured_media":84062,"comment_status":"closed","ping_status":"open","sticky":false,"template":"","format":"standard","meta":{"_lmt_disableupdate":"","_lmt_disable":"","_jetpack_memberships_contains_paid_content":false,"footnotes":""},"categories":[109,46],"tags":[494],"class_list":["post-84061","post","type-post","status-publish","format-standard","has-post-thumbnail","hentry","category-minuto-a-minuto","category-zona-blanca","tag-fiscalia-general-del-estado-de-oaxaca"],"jetpack_featured_media_url":"https:\/\/zonaroja.com.mx\/wp-content\/uploads\/2025\/08\/Feminicida-Zautla-sentenciado-Oaxaca.jpg","jetpack_sharing_enabled":true,"_links":{"self":[{"href":"https:\/\/zonaroja.com.mx\/index.php?rest_route=\/wp\/v2\/posts\/84061","targetHints":{"allow":["GET"]}}],"collection":[{"href":"https:\/\/zonaroja.com.mx\/index.php?rest_route=\/wp\/v2\/posts"}],"about":[{"href":"https:\/\/zonaroja.com.mx\/index.php?rest_route=\/wp\/v2\/types\/post"}],"author":[{"embeddable":true,"href":"https:\/\/zonaroja.com.mx\/index.php?rest_route=\/wp\/v2\/users\/2"}],"replies":[{"embeddable":true,"href":"https:\/\/zonaroja.com.mx\/index.php?rest_route=%2Fwp%2Fv2%2Fcomments&post=84061"}],"version-history":[{"count":1,"href":"https:\/\/zonaroja.com.mx\/index.php?rest_route=\/wp\/v2\/posts\/84061\/revisions"}],"predecessor-version":[{"id":84063,"href":"https:\/\/zonaroja.com.mx\/index.php?rest_route=\/wp\/v2\/posts\/84061\/revisions\/84063"}],"wp:featuredmedia":[{"embeddable":true,"href":"https:\/\/zonaroja.com.mx\/index.php?rest_route=\/wp\/v2\/media\/84062"}],"wp:attachment":[{"href":"https:\/\/zonaroja.com.mx\/index.php?rest_route=%2Fwp%2Fv2%2Fmedia&parent=84061"}],"wp:term":[{"taxonomy":"category","embeddable":true,"href":"https:\/\/zonaroja.com.mx\/index.php?rest_route=%2Fwp%2Fv2%2Fcategories&post=84061"},{"taxonomy":"post_tag","embeddable":true,"href":"https:\/\/zonaroja.com.mx\/index.php?rest_route=%2Fwp%2Fv2%2Ftags&post=84061"}],"curies":[{"name":"wp","href":"https:\/\/api.w.org\/{rel}","templated":true}]}}