{"id":84070,"date":"2025-08-29T16:45:55","date_gmt":"2025-08-29T22:45:55","guid":{"rendered":"https:\/\/zonaroja.com.mx\/?p=84070"},"modified":"2025-08-29T17:14:41","modified_gmt":"2025-08-29T23:14:41","slug":"es-erika-maria-rodriguez-la-nueva-titular-del-poder-judicial-de-oaxaca","status":"publish","type":"post","link":"https:\/\/zonaroja.com.mx\/?p=84070","title":{"rendered":"Es \u00c9rika Mar\u00eda Rodr\u00edguez\u00a0la nueva titular del Poder Judicial de Oaxaca\u00a0"},"content":{"rendered":"\n<p>Redacci\u00f3n\/Zona Roja.<\/p>\n\n\n\n<p>Oaxaca, Oax., a 29 de agosto de 2025.- En sesi\u00f3n solemne, el Pleno del Tribunal Superior de Justicia del Estado de Oaxaca design\u00f3, por mayor\u00eda de votos, a la magistrada \u00c9rika Mar\u00eda Rodr\u00edguez Rodr\u00edguez, como nueva presidenta interina de este \u00f3rgano colegiado, tras la renuncia voluntaria al cargo de la magistrada Berenice Ram\u00edrez Jim\u00e9nez.<\/p>\n\n\n\n<p>De conformidad con lo establecido en la Ley Org\u00e1nica del Poder Judicial del Estado, el magistrado decano Luis Enrique Cordero Aguilar le tom\u00f3 la protesta de ley, luego de efectuado el procedimiento de elecci\u00f3n de manera nominal, mediante papeletas.<\/p>\n\n\n\n<p>Con esta designaci\u00f3n, la magistrada asume de forma interina por un periodo de dos a\u00f1os, la responsabilidad de dirigir los trabajos del Tribunal, consolidando el compromiso del Poder Judicial del Estado con la justicia, la transparencia y el fortalecimiento institucional.<\/p>\n\n\n\n<p>En su mensaje, la magistrada \u00c9rika Mar\u00eda Rodr\u00edguez Rodr\u00edguez expres\u00f3 su compromiso de encabezar la presidencia del Tribunal con apertura y responsabilidad y convoc\u00f3 a las y los integrantes del pleno a sumar esfuerzos en equipo y en unidad para fortalecer la labor del Poder Judicial del Estado.\u00a0<\/p>\n\n\n\n<p>En sesi\u00f3n previa, la magistrada Berenice Ram\u00edrez Jim\u00e9nez present\u00f3 su renuncia voluntaria a la presidencia y a la magistratura y agradeci\u00f3 al pleno la confianza depositada en su persona para desempe\u00f1ar tan alta responsabilidad, as\u00ed como el respaldo brindado en este tiempo.&nbsp;<\/p>\n\n\n\n<p>En cumplimiento de la normatividad, la dimisi\u00f3n se notificar\u00e1 al \u00f3rgano competente y al Congreso del Estado.<\/p>\n\n\n\n<p>La ahora magistrada presidenta \u00c9rika Mar\u00eda Rodr\u00edguez Rodr\u00edguez, es egresada de la Universidad Aut\u00f3noma \u201cBenito Ju\u00e1rez\u201d de Oaxaca (UABJO), cuenta con maestr\u00eda y doctorado en Derecho Penal y maestr\u00eda en Derecho Judicial por la Universidad de Perugia, Italia.\u00a0<\/p>\n\n\n\n<p>Adem\u00e1s, especialidad en Derecho Procesal Penal y Sistema Acusatorio; Especializaci\u00f3n en Prueba Testifical y Master en Razonamiento Probatorio por la por la Universidad de Girona, Espa\u00f1a y la Universidad de Genova Italia. Tambi\u00e9n es alumna de la Escuela de Verano en la Universidad de Gottingen, Alemania.&nbsp;<\/p>\n\n\n\n<p>En el Poder Judicial del Estado fungi\u00f3 como Jueza Mixta de Primera Instancia; Jueza de Control, Jueza del Tribunal de Enjuiciamiento y recientemente se desempe\u00f1aba como magistrada integrante de la Segunda Sala Penal Colegiada del Tribunal Superior de Justicia.<\/p>\n\n\n\n<figure class=\"wp-block-embed is-type-rich is-provider-twitter wp-block-embed-twitter\"><div class=\"wp-block-embed__wrapper\">\n<div class=\"twitter-tweet\"><blockquote class=\"twitter-tweet\" data-lang=\"es\"><p lang=\"es\" dir=\"ltr\"><a href=\"https:\/\/twitter.com\/hashtag\/%C3%9AltimoMinuto?src=hash&amp;ref_src=twsrc%5Etfw\">#\u00daltimoMinuto<\/a><br>Por mayor\u00eda de votos, el pleno de magistrados eligi\u00f3 hoy a \u00c9rika Mar\u00eda Rodr\u00edguez como nueva presidenta del Tribunal Superior de Justicia del Estado de Oaxaca (<a href=\"https:\/\/twitter.com\/tsjoaxaca?ref_src=twsrc%5Etfw\">@tsjoaxaca<\/a>), en sustituci\u00f3n de Berenice Ram\u00edrez Jim\u00e9nez. <br><br>En el Poder Judicial del Estado fungi\u00f3 como\u2026 <a href=\"https:\/\/t.co\/pBQwZVQwVD\">pic.twitter.com\/pBQwZVQwVD<\/a><\/p>&mdash; Zona Roja Oaxaca (@ZonaRoja_Oaxaca) <a href=\"https:\/\/twitter.com\/ZonaRoja_Oaxaca\/status\/1961521514039419108?ref_src=twsrc%5Etfw\">29 de agosto de 2025<\/a><\/blockquote><\/div>\n<\/div><\/figure>\n","protected":false},"excerpt":{"rendered":"<p>Redacci\u00f3n\/Zona Roja. Oaxaca, Oax., a 29 de agosto de 2025.- En sesi\u00f3n solemne, el Pleno&hellip;<\/p>\n","protected":false},"author":2,"featured_media":84072,"comment_status":"closed","ping_status":"open","sticky":false,"template":"","format":"standard","meta":{"_lmt_disableupdate":"","_lmt_disable":"","_jetpack_memberships_contains_paid_content":false,"footnotes":""},"categories":[109,46],"tags":[4425,223],"class_list":["post-84070","post","type-post","status-publish","format-standard","has-post-thumbnail","hentry","category-minuto-a-minuto","category-zona-blanca","tag-erika-maria-rodriguez","tag-poder-judicial-de-oaxaca"],"jetpack_featured_media_url":"https:\/\/zonaroja.com.mx\/wp-content\/uploads\/2025\/08\/f922c166-fe8d-42a2-8aff-9ada5e3c686c.jpg","jetpack_sharing_enabled":true,"_links":{"self":[{"href":"https:\/\/zonaroja.com.mx\/index.php?rest_route=\/wp\/v2\/posts\/84070","targetHints":{"allow":["GET"]}}],"collection":[{"href":"https:\/\/zonaroja.com.mx\/index.php?rest_route=\/wp\/v2\/posts"}],"about":[{"href":"https:\/\/zonaroja.com.mx\/index.php?rest_route=\/wp\/v2\/types\/post"}],"author":[{"embeddable":true,"href":"https:\/\/zonaroja.com.mx\/index.php?rest_route=\/wp\/v2\/users\/2"}],"replies":[{"embeddable":true,"href":"https:\/\/zonaroja.com.mx\/index.php?rest_route=%2Fwp%2Fv2%2Fcomments&post=84070"}],"version-history":[{"count":1,"href":"https:\/\/zonaroja.com.mx\/index.php?rest_route=\/wp\/v2\/posts\/84070\/revisions"}],"predecessor-version":[{"id":84071,"href":"https:\/\/zonaroja.com.mx\/index.php?rest_route=\/wp\/v2\/posts\/84070\/revisions\/84071"}],"wp:featuredmedia":[{"embeddable":true,"href":"https:\/\/zonaroja.com.mx\/index.php?rest_route=\/wp\/v2\/media\/84072"}],"wp:attachment":[{"href":"https:\/\/zonaroja.com.mx\/index.php?rest_route=%2Fwp%2Fv2%2Fmedia&parent=84070"}],"wp:term":[{"taxonomy":"category","embeddable":true,"href":"https:\/\/zonaroja.com.mx\/index.php?rest_route=%2Fwp%2Fv2%2Fcategories&post=84070"},{"taxonomy":"post_tag","embeddable":true,"href":"https:\/\/zonaroja.com.mx\/index.php?rest_route=%2Fwp%2Fv2%2Ftags&post=84070"}],"curies":[{"name":"wp","href":"https:\/\/api.w.org\/{rel}","templated":true}]}}