{"id":84076,"date":"2025-08-29T21:40:32","date_gmt":"2025-08-30T03:40:32","guid":{"rendered":"https:\/\/zonaroja.com.mx\/?p=84076"},"modified":"2025-08-29T21:40:34","modified_gmt":"2025-08-30T03:40:34","slug":"por-conflicto-agrario-bloquearon-todo-el-dia-carretera-oaxaca-chiapas","status":"publish","type":"post","link":"https:\/\/zonaroja.com.mx\/?p=84076","title":{"rendered":"Por conflicto agrario, bloquearon todo el d\u00eda carretera Oaxaca-Chiapas"},"content":{"rendered":"\n<p>Raymundo Morales\/Zona Roja.<\/p>\n\n\n\n<p>Oaxaca, Oax., a 29 de agosto de 2025.- Un grupo de personas de San Dionisio del Mar bloque\u00f3 durante todo el d\u00eda la carretera Panamericana Oaxaca-Chiapas, a la altura de la comunidad Cazadero, de Santo Domingo Zanatepec.<\/p>\n\n\n\n<p>Lo anterior para exigir la intervenci\u00f3n del gobierno federal a fin de solucionar un conflicto agrario con sus vecinos de Chicapa de Castro, agencia de Juchit\u00e1n de Zaragoza.<\/p>\n\n\n\n<p>Ante la desatenci\u00f3n de autoridades estatales y federales, permanecieron en el lugar hasta cerca de las 19:00 horas e incluso quemaron llantas sobre el pavimento.<\/p>\n\n\n\n<p>Seg\u00fan los pobladores de San Dionisio, a ellos les pertenecen las mil 700 hect\u00e1reas que les disputa Chicapa de Castro, que se considera due\u00f1o de las tierras.<\/p>\n\n\n\n<p>En un comunicado de prensa, el Gobierno del Estado llam\u00f3 a los manifestantes a privilegiar el di\u00e1logo y dirimir el conflicto mediante v\u00edas pac\u00edficas.<\/p>\n\n\n\n<p>Asimismo, los conmin\u00f3 a evitar la obstrucci\u00f3n de v\u00edas de comunicaci\u00f3n, \u201cya que constituye un delito\u201d.<\/p>\n\n\n\n<p>Reitera que el di\u00e1logo es el \u00fanico camino para encontrar una soluci\u00f3n al a\u00f1ejo conflicto territorial agrario que, desde hace m\u00e1s de cinco d\u00e9cadas, tienen con vecinas y vecinos de Chicapa de Castro.<\/p>\n\n\n\n<p>Esta problem\u00e1tica tiene sus or\u00edgenes en una resoluci\u00f3n presidencial que data de 1970, la cual involucra mil 700 hect\u00e1reas, con proceso judicial en curso, cuyos planos definitivos agrarios favorecen a Chicapa de Castro.<\/p>\n","protected":false},"excerpt":{"rendered":"<p>Raymundo Morales\/Zona Roja. Oaxaca, Oax., a 29 de agosto de 2025.- Un grupo de personas&hellip;<\/p>\n","protected":false},"author":2,"featured_media":84077,"comment_status":"closed","ping_status":"open","sticky":false,"template":"","format":"standard","meta":{"_lmt_disableupdate":"","_lmt_disable":"","_jetpack_memberships_contains_paid_content":false,"footnotes":""},"categories":[109,47],"tags":[1975],"class_list":["post-84076","post","type-post","status-publish","format-standard","has-post-thumbnail","hentry","category-minuto-a-minuto","category-zona-gris","tag-bloqueos-carreteros-oaxaca"],"jetpack_featured_media_url":"https:\/\/zonaroja.com.mx\/wp-content\/uploads\/2025\/08\/Bloqueo-Chicapa-de-Castro.jpg","jetpack_sharing_enabled":true,"_links":{"self":[{"href":"https:\/\/zonaroja.com.mx\/index.php?rest_route=\/wp\/v2\/posts\/84076","targetHints":{"allow":["GET"]}}],"collection":[{"href":"https:\/\/zonaroja.com.mx\/index.php?rest_route=\/wp\/v2\/posts"}],"about":[{"href":"https:\/\/zonaroja.com.mx\/index.php?rest_route=\/wp\/v2\/types\/post"}],"author":[{"embeddable":true,"href":"https:\/\/zonaroja.com.mx\/index.php?rest_route=\/wp\/v2\/users\/2"}],"replies":[{"embeddable":true,"href":"https:\/\/zonaroja.com.mx\/index.php?rest_route=%2Fwp%2Fv2%2Fcomments&post=84076"}],"version-history":[{"count":1,"href":"https:\/\/zonaroja.com.mx\/index.php?rest_route=\/wp\/v2\/posts\/84076\/revisions"}],"predecessor-version":[{"id":84078,"href":"https:\/\/zonaroja.com.mx\/index.php?rest_route=\/wp\/v2\/posts\/84076\/revisions\/84078"}],"wp:featuredmedia":[{"embeddable":true,"href":"https:\/\/zonaroja.com.mx\/index.php?rest_route=\/wp\/v2\/media\/84077"}],"wp:attachment":[{"href":"https:\/\/zonaroja.com.mx\/index.php?rest_route=%2Fwp%2Fv2%2Fmedia&parent=84076"}],"wp:term":[{"taxonomy":"category","embeddable":true,"href":"https:\/\/zonaroja.com.mx\/index.php?rest_route=%2Fwp%2Fv2%2Fcategories&post=84076"},{"taxonomy":"post_tag","embeddable":true,"href":"https:\/\/zonaroja.com.mx\/index.php?rest_route=%2Fwp%2Fv2%2Ftags&post=84076"}],"curies":[{"name":"wp","href":"https:\/\/api.w.org\/{rel}","templated":true}]}}