{"id":84079,"date":"2025-08-30T07:45:00","date_gmt":"2025-08-30T13:45:00","guid":{"rendered":"https:\/\/zonaroja.com.mx\/?p=84079"},"modified":"2025-08-30T06:31:55","modified_gmt":"2025-08-30T12:31:55","slug":"comuneros-reclaman-predio-de-residencia-de-norona-no-tiene-titulo","status":"publish","type":"post","link":"https:\/\/zonaroja.com.mx\/?p=84079","title":{"rendered":"Comuneros reclaman predio de residencia de Noro\u00f1a; no tiene t\u00edtulo"},"content":{"rendered":"\n<p>Redacci\u00f3n\/Zona Roja Cdmx.<\/p>\n\n\n\n<p>Ciudad de M\u00e9xico, a 30 de agosto de 2025.- Este viernes 29 de agosto de 2025, habitantes de Tepoztl\u00e1n se manifestaron afuera de la casa del senador por Morena, Gerardo Fern\u00e1ndez Noro\u00f1a, exigieron que los bienes comunales se respeten y advirtieron que estos no son de particulares y por tanto, no cuentan con t\u00edtulo de propiedad.<\/p>\n\n\n\n<p>La manifestaci\u00f3n se presenta luego de que en la \u00faltima semana de agosto se diera a conocer que Noro\u00f1a, supuestamente, est\u00e1 pagando una casa valuada en casi 12 millones de pesos, monto que el presidente de la Mesa Directiva del Senado minimiz\u00f3, incluso decidi\u00f3 entrar en mayor pol\u00e9mica y exhibir a periodistas que retomaron la noticia.<\/p>\n\n\n\n<p>Cabe se\u00f1alar que la extensi\u00f3n de la mansi\u00f3n es aproximadamente de mil 200 metros cuadrados, predio que seg\u00fan el legislador lo est\u00e1 pagando a cr\u00e9dito, sin embargo, seg\u00fan medios locales, los manifestante afirmaron que el predio en el que&nbsp;est\u00e1 ubicada la casa se encuentra dentro del pol\u00edgono de tierras comunales, lo que impide su venta, escrituraci\u00f3n o transferencia sin la aprobaci\u00f3n de la asamblea comunal, conforme a la normatividad agraria vigente en la regi\u00f3n.<\/p>\n\n\n\n<p>En videos que circulan en redes sociales se puede escuchar a uno de los manifestantes, quien insiste en que \u201caqu\u00ed no se puede vender ni se puede traspasar si no es por acuerdo de asamblea de los comuneros\u201d, adem\u00e1s, se\u00f1alaron que debido a la posici\u00f3n de poder que ocupa el legislador actualmente, se est\u00e1 aprovechando y sus acciones est\u00e1n \u201cusufructuando vienes que no le corresponden\u201d.<\/p>\n\n\n\n<p>\u201cEl suelo de Tepoztl\u00e1n es comunal, \u00a1Ya basta de fraudes y corrupci\u00f3n, fuera Noro\u00f1a!\u201d, con esta consigna los habitantes de la comunidad del Tepozteco exigieron respetar los bienes comunales.<\/p>\n\n\n\n<p>El lunes 25 de agosto se difundi\u00f3 la informaci\u00f3n de que&nbsp;Gerardo Fern\u00e1ndez Noro\u00f1a&nbsp;adquiri\u00f3 una vivienda valuada en 12 millones de pesos en&nbsp;Tepoztl\u00e1n, con una superficie de 1201 metros cuadrados.&nbsp;<\/p>\n\n\n\n<p>El senador de&nbsp;Morena&nbsp;confirm\u00f3 que el inmueble es de su propiedad, se encuentra en proceso de pago y previamente lo ocupaba en calidad de arrendatario.<\/p>\n\n\n\n<p>\u201cLa informaci\u00f3n que est\u00e1n manejando est\u00e1 en mi&nbsp;declaraci\u00f3n patrimonial, que es p\u00fablica. Estoy pagando a cr\u00e9dito, la casa que rentaba en Tepoztl\u00e1n\u201d, public\u00f3 Noro\u00f1a en su cuenta de X, mensaje que ha sido criticado por ciudadanos y oposici\u00f3n.<\/p>\n\n\n\n<p>De acuerdo con el medio&nbsp;\u201cEme Equis\u201d, la adquisici\u00f3n de la propiedad se realiz\u00f3 en 2024. Aunque en la declaraci\u00f3n patrimonial de&nbsp;Noro\u00f1a&nbsp;se se\u00f1ala que la compra se efectu\u00f3 mediante un cr\u00e9dito hipotecario, no existe claridad sobre la instituci\u00f3n bancaria que otorg\u00f3 el pr\u00e9stamo ni sobre la ubicaci\u00f3n exacta del bien.<\/p>\n\n\n\n<p>(Informaci\u00f3n de Infobae M\u00e9xico)<\/p>\n\n\n\n<figure class=\"wp-block-embed is-type-rich is-provider-twitter wp-block-embed-twitter\"><div class=\"wp-block-embed__wrapper\">\n<div class=\"twitter-tweet\"><blockquote class=\"twitter-tweet\" data-lang=\"es\"><p lang=\"es\" dir=\"ltr\">&quot;\u00a1Fuera Noro\u00f1a! \u00a1Fuera los narcopol\u00edticos!&quot;<br><br>Hay protestas afuera de la mansi\u00f3n de 12 millones de pesos de <a href=\"https:\/\/twitter.com\/fernandeznorona?ref_src=twsrc%5Etfw\">@fernandeznorona<\/a>, en Tepoztl\u00e1n, Morelos. <br><br>Es por parte de comuneros, que asegura que la propiedad es irregular. <br><br>Video: Mart\u00edn Flores Rosales. <a href=\"https:\/\/t.co\/6CDDmirtol\">pic.twitter.com\/6CDDmirtol<\/a><\/p>&mdash; Zona Roja Oaxaca (@ZonaRoja_Oaxaca) <a href=\"https:\/\/twitter.com\/ZonaRoja_Oaxaca\/status\/1961541933123473647?ref_src=twsrc%5Etfw\">29 de agosto de 2025<\/a><\/blockquote><\/div>\n<\/div><\/figure>\n","protected":false},"excerpt":{"rendered":"<p>Redacci\u00f3n\/Zona Roja Cdmx. Ciudad de M\u00e9xico, a 30 de agosto de 2025.- Este viernes 29&hellip;<\/p>\n","protected":false},"author":2,"featured_media":84080,"comment_status":"closed","ping_status":"open","sticky":false,"template":"","format":"standard","meta":{"_lmt_disableupdate":"","_lmt_disable":"","_jetpack_memberships_contains_paid_content":false,"footnotes":""},"categories":[109,47],"tags":[4256],"class_list":["post-84079","post","type-post","status-publish","format-standard","has-post-thumbnail","hentry","category-minuto-a-minuto","category-zona-gris","tag-gerardo-fernandez-norona"],"jetpack_featured_media_url":"https:\/\/zonaroja.com.mx\/wp-content\/uploads\/2025\/08\/Protesta-casa-norona-Tepoztlan.webp","jetpack_sharing_enabled":true,"_links":{"self":[{"href":"https:\/\/zonaroja.com.mx\/index.php?rest_route=\/wp\/v2\/posts\/84079","targetHints":{"allow":["GET"]}}],"collection":[{"href":"https:\/\/zonaroja.com.mx\/index.php?rest_route=\/wp\/v2\/posts"}],"about":[{"href":"https:\/\/zonaroja.com.mx\/index.php?rest_route=\/wp\/v2\/types\/post"}],"author":[{"embeddable":true,"href":"https:\/\/zonaroja.com.mx\/index.php?rest_route=\/wp\/v2\/users\/2"}],"replies":[{"embeddable":true,"href":"https:\/\/zonaroja.com.mx\/index.php?rest_route=%2Fwp%2Fv2%2Fcomments&post=84079"}],"version-history":[{"count":1,"href":"https:\/\/zonaroja.com.mx\/index.php?rest_route=\/wp\/v2\/posts\/84079\/revisions"}],"predecessor-version":[{"id":84081,"href":"https:\/\/zonaroja.com.mx\/index.php?rest_route=\/wp\/v2\/posts\/84079\/revisions\/84081"}],"wp:featuredmedia":[{"embeddable":true,"href":"https:\/\/zonaroja.com.mx\/index.php?rest_route=\/wp\/v2\/media\/84080"}],"wp:attachment":[{"href":"https:\/\/zonaroja.com.mx\/index.php?rest_route=%2Fwp%2Fv2%2Fmedia&parent=84079"}],"wp:term":[{"taxonomy":"category","embeddable":true,"href":"https:\/\/zonaroja.com.mx\/index.php?rest_route=%2Fwp%2Fv2%2Fcategories&post=84079"},{"taxonomy":"post_tag","embeddable":true,"href":"https:\/\/zonaroja.com.mx\/index.php?rest_route=%2Fwp%2Fv2%2Ftags&post=84079"}],"curies":[{"name":"wp","href":"https:\/\/api.w.org\/{rel}","templated":true}]}}