{"id":84082,"date":"2025-08-30T08:45:00","date_gmt":"2025-08-30T14:45:00","guid":{"rendered":"https:\/\/zonaroja.com.mx\/?p=84082"},"modified":"2025-08-30T06:37:40","modified_gmt":"2025-08-30T12:37:40","slug":"comunidad-literaria-de-oaxaca-propone-politicas-reales-y-pide-inclusion","status":"publish","type":"post","link":"https:\/\/zonaroja.com.mx\/?p=84082","title":{"rendered":"Comunidad literaria de Oaxaca propone pol\u00edticas reales y pide inclusi\u00f3n"},"content":{"rendered":"\n<p>Lisbeth Mej\u00eda Reyes\/Zona Roja.<\/p>\n\n\n\n<p>Oaxaca, Oax., a 30 de agosto de 2025.- En v\u00edsperas de la primera Feria Intercultural de Escritura y Lectura de Oaxaca (FIELO), que promueve el gobierno estatal, un grupo de la sociedad civil se\u00f1al\u00f3 que en el estado a\u00fan no existe \u00abun foro amplio en el que las y los autores, las y los editores, impresores y libreros de Oaxaca expongan su producci\u00f3n editorial a la comunidad de lectores\u00bb, por lo que propuso generar pol\u00edticas p\u00fablicas enfocadas en este y otros aspectos relacionados, entre ellos la inclusi\u00f3n en toda feria que se realice con recursos p\u00fablicos.<\/p>\n\n\n\n<p>Asimismo, propuso que haya una participaci\u00f3n activa de la sociedad civil en la toma de decisiones y que se generen programas de apoyo para la promoci\u00f3n &nbsp;de los autores y de la producci\u00f3n literaria e intercambio en otras latitudes y viceversa.&nbsp;<\/p>\n\n\n\n<p>Autores, editores, bibliotecarios y dem\u00e1s se\u00f1alaron que tampoco existe un foro en el que la comunidad lectora o p\u00fablico general exponga sus inquietudes, preferencias o propuestas.&nbsp;<\/p>\n\n\n\n<p>Adem\u00e1s de que en los \u00faltimos a\u00f1os han desaparecido los programas p\u00fablicos de fomento editorial. Aunque no especific\u00f3 programas, estos son, por ejemplo, los de la Colecci\u00f3n Parajes y el &nbsp;Premio Internacional de Cuento, Mito y Leyenda \u201cAndr\u00e9s Henestrosa\u00bb, que se emit\u00edan hasta hace unos nueve o 10 a\u00f1os.<\/p>\n\n\n\n<p>A trav\u00e9s de una carta dirigida a la opini\u00f3n p\u00fablica y a las autoridades correspondientes, se\u00f1alaron que este contexto adverso para la literatura y la lectura persiste a pesar de que en la entidad la producci\u00f3n editorial, diversa y de calidad ha aumentado en los \u00faltimos a\u00f1os.<\/p>\n\n\n\n<p>Las 25 personas firmantes del pronunciamiento explicaron que si bien las nuevas tecnolog\u00edas facilitan la autoedici\u00f3n y facilitan el intercambio de producci\u00f3n literaria entre autores de Oaxaca y otras latitudes, tambi\u00e9n faltan los programas de apoyo a la promoci\u00f3n.<\/p>\n\n\n\n<p>El documento fue lanzado a pocos d\u00edas de la primera feria organizada por el estado, tras la cancelaci\u00f3n de la Feria Internacional del Libro de Oaxaca, que tambi\u00e9n ha sido cuestionada por el uso de los recursos p\u00fablicos y la falta de inclusi\u00f3n de la comunidad oaxaque\u00f1a.<\/p>\n\n\n\n<p>De ah\u00ed que las y los firmantes tambi\u00e9n se\u00f1alen que hasta ahora no existe un \u00abespacio de construcci\u00f3n incluyente de las decisiones con los actores (escritores, editores, libreros, bibliotecarios, asociaciones de escritores y escritoras, instituciones de investigaci\u00f3n) vinculados al sistema del libro\u00bb.<\/p>\n\n\n\n<p>LA PRIMERA FIELO&nbsp;<\/p>\n\n\n\n<p>Ser\u00e1 a partir de este 31 de agosto y hasta el 7 de septiembre cuando el z\u00f3calo de la ciudad de Oaxaca sea sede de la primera Feria Intercultural de Escritura y Lectura de Oaxaca (FIELO), la que de acuerdo con el gobierno estatal tendr\u00e1 la participaci\u00f3n de m\u00e1s de 100 expositores nacionales e internacionales.&nbsp;<\/p>\n\n\n\n<p>El programa es realizado por diversas dependencias como la Secretar\u00eda de las Culturas y Artes y el Instituto de Lenguas Originarias de Oaxaca, pero coordinado por el nuevo Instituto Estatal de Creaci\u00f3n Literaria y Promoci\u00f3n de la Lectura.<\/p>\n","protected":false},"excerpt":{"rendered":"<p>Lisbeth Mej\u00eda Reyes\/Zona Roja. Oaxaca, Oax., a 30 de agosto de 2025.- En v\u00edsperas de&hellip;<\/p>\n","protected":false},"author":2,"featured_media":84084,"comment_status":"closed","ping_status":"open","sticky":false,"template":"","format":"standard","meta":{"_lmt_disableupdate":"","_lmt_disable":"","_jetpack_memberships_contains_paid_content":false,"footnotes":""},"categories":[109,47],"tags":[4426],"class_list":["post-84082","post","type-post","status-publish","format-standard","has-post-thumbnail","hentry","category-minuto-a-minuto","category-zona-gris","tag-feria-intercultural-de-escritura-y-lectura-de-oaxaca-fielo"],"jetpack_featured_media_url":"https:\/\/zonaroja.com.mx\/wp-content\/uploads\/2025\/08\/Feria-del-libro.jpg","jetpack_sharing_enabled":true,"_links":{"self":[{"href":"https:\/\/zonaroja.com.mx\/index.php?rest_route=\/wp\/v2\/posts\/84082","targetHints":{"allow":["GET"]}}],"collection":[{"href":"https:\/\/zonaroja.com.mx\/index.php?rest_route=\/wp\/v2\/posts"}],"about":[{"href":"https:\/\/zonaroja.com.mx\/index.php?rest_route=\/wp\/v2\/types\/post"}],"author":[{"embeddable":true,"href":"https:\/\/zonaroja.com.mx\/index.php?rest_route=\/wp\/v2\/users\/2"}],"replies":[{"embeddable":true,"href":"https:\/\/zonaroja.com.mx\/index.php?rest_route=%2Fwp%2Fv2%2Fcomments&post=84082"}],"version-history":[{"count":1,"href":"https:\/\/zonaroja.com.mx\/index.php?rest_route=\/wp\/v2\/posts\/84082\/revisions"}],"predecessor-version":[{"id":84085,"href":"https:\/\/zonaroja.com.mx\/index.php?rest_route=\/wp\/v2\/posts\/84082\/revisions\/84085"}],"wp:featuredmedia":[{"embeddable":true,"href":"https:\/\/zonaroja.com.mx\/index.php?rest_route=\/wp\/v2\/media\/84084"}],"wp:attachment":[{"href":"https:\/\/zonaroja.com.mx\/index.php?rest_route=%2Fwp%2Fv2%2Fmedia&parent=84082"}],"wp:term":[{"taxonomy":"category","embeddable":true,"href":"https:\/\/zonaroja.com.mx\/index.php?rest_route=%2Fwp%2Fv2%2Fcategories&post=84082"},{"taxonomy":"post_tag","embeddable":true,"href":"https:\/\/zonaroja.com.mx\/index.php?rest_route=%2Fwp%2Fv2%2Ftags&post=84082"}],"curies":[{"name":"wp","href":"https:\/\/api.w.org\/{rel}","templated":true}]}}