{"id":84086,"date":"2025-08-30T09:45:00","date_gmt":"2025-08-30T15:45:00","guid":{"rendered":"https:\/\/zonaroja.com.mx\/?p=84086"},"modified":"2025-08-30T06:54:38","modified_gmt":"2025-08-30T12:54:38","slug":"sentencian-a-210-anos-de-prision-a-homicida-de-13-personas-en-oaxaca","status":"publish","type":"post","link":"https:\/\/zonaroja.com.mx\/?p=84086","title":{"rendered":"Sentencian a 210 a\u00f1os de prisi\u00f3n a homicida de 13 personas en Oaxaca"},"content":{"rendered":"\n<p>Redacci\u00f3n\/Zona Roja.&nbsp;<\/p>\n\n\n\n<p>Oaxaca, Oax., a 30 de agosto de 2025.- La Fiscal\u00eda General del Estado de Oaxaca (FGEO) logr\u00f3 la obtenci\u00f3n de una sentencia condenatoria de 210 a\u00f1os de prisi\u00f3n en contra de El\u00edas R.C, responsable por el delito de homicidio calificado con ventaja en contra de 13 personas, hechos ocurridos en la regi\u00f3n de la Sierra Sur.<\/p>\n\n\n\n<p>De acuerdo con el expediente penal, los hechos ocurrieron el 16 de julio de 2018, cuando un grupo de personas caminaba sobre una v\u00eda de terracer\u00eda, en el paraje conocido como el \u201cPortillo Semilla\u201d del municipio de Santa Mar\u00eda Ecatepec del distrito de Yautepec en la regi\u00f3n de la Sierra Sur, momento en el que sufrieron una agresi\u00f3n con disparos de arma de fuego, en la que particip\u00f3 El\u00edas R.C. -junto con otras personas-, hechos por los cuales provocaron la muerte de 13 personas.<\/p>\n\n\n\n<p>Ante estos hechos, la Fiscal\u00eda General del Estado de Oaxaca, a trav\u00e9s de la Vicefiscal\u00eda de Valles Centrales, realiz\u00f3 las investigaciones correspondientes que permitieron aprender y presentar ante el Juez de la causa a El\u00edas R.C.<\/p>\n\n\n\n<p>Luego de evaluar los datos de prueba aportados por la FGEO, el Tribunal de Enjuiciamiento dict\u00f3 sentencia condenatoria de 210 a\u00f1os de prisi\u00f3n en contra de El\u00edas R.C, por su responsabilidad en la comisi\u00f3n del delito de homicidio calificado con ventaja, adem\u00e1s de imponer el pago de m\u00e1s de 400 mil pesos para cada una de las 13 v\u00edctimas indirectas, monto que suma m\u00e1s de 5 millones, por concepto del pago de reparaci\u00f3n del da\u00f1o.<\/p>\n\n\n\n<p>VINCULADO A PROCESO<\/p>\n\n\n\n<p>Por otra parte, la Fiscal\u00eda General del Estado obtuvo auto de vinculaci\u00f3n a proceso y prisi\u00f3n preventiva contra una persona del sexo masculino identificado como J. A.L.S., alias \u201cEl Josefa\u201d imputado por el delito contra la salud en modalidad de narcomenudeo en su hip\u00f3tesis de suministro, en hechos ocurridos en la regi\u00f3n del Istmo de Tehuantepec.<\/p>\n\n\n\n<p>Conforme a lo asentado en el expediente penal del caso, el imputado fue detenido por elementos de la Agencia Estatal de Investigaciones (AEI), el 8 de agosto de 2025, en inmediaciones del municipio de Juchit\u00e1n de Zaragoza.<\/p>\n\n\n\n<p>La investigaci\u00f3n detalla que, los agentes de investigaci\u00f3n se percataron que J.A.L.S., alias \u201cEl Josefa\u201d intercambiaba un objeto con alguien m\u00e1s, por lo que fue interceptado cuando intentaba huir.<\/p>\n\n\n\n<p>Tras ser inspeccionado, los efectivos hallaron entre sus pertenencias diversas bolsas que conten\u00edan metanfetamina, por lo que fue detenido y trasladado ante las autoridades ministeriales de la Vicefiscal\u00eda Regional de Valles Centrales que lo llev\u00f3 ante el juez de la causa para resolver su situaci\u00f3n jur\u00eddica.<\/p>\n\n\n\n<p>En audiencia y tras el desahogo de pruebas aportadas por la FGEO, el Juez de Control dict\u00f3 auto de vinculaci\u00f3n a proceso y prisi\u00f3n preventiva justificada en contra de J.A.L.S., alias \u201cEl Josefa\u201d, por el delito contra la salud en modalidad de narcomenudeo en su hip\u00f3tesis de suministro en agravio de la sociedad, otorgando el plazo de un mes para el cierre de la investigaci\u00f3n complementaria.<\/p>\n","protected":false},"excerpt":{"rendered":"<p>Redacci\u00f3n\/Zona Roja.&nbsp; Oaxaca, Oax., a 30 de agosto de 2025.- La Fiscal\u00eda General del Estado&hellip;<\/p>\n","protected":false},"author":2,"featured_media":84087,"comment_status":"closed","ping_status":"open","sticky":false,"template":"","format":"standard","meta":{"_lmt_disableupdate":"","_lmt_disable":"","_jetpack_memberships_contains_paid_content":false,"footnotes":""},"categories":[109,46],"tags":[494],"class_list":["post-84086","post","type-post","status-publish","format-standard","has-post-thumbnail","hentry","category-minuto-a-minuto","category-zona-blanca","tag-fiscalia-general-del-estado-de-oaxaca"],"jetpack_featured_media_url":"https:\/\/zonaroja.com.mx\/wp-content\/uploads\/2025\/08\/Elias-Santa-Maria-Ecatepec-210-anos.jpg","jetpack_sharing_enabled":true,"_links":{"self":[{"href":"https:\/\/zonaroja.com.mx\/index.php?rest_route=\/wp\/v2\/posts\/84086","targetHints":{"allow":["GET"]}}],"collection":[{"href":"https:\/\/zonaroja.com.mx\/index.php?rest_route=\/wp\/v2\/posts"}],"about":[{"href":"https:\/\/zonaroja.com.mx\/index.php?rest_route=\/wp\/v2\/types\/post"}],"author":[{"embeddable":true,"href":"https:\/\/zonaroja.com.mx\/index.php?rest_route=\/wp\/v2\/users\/2"}],"replies":[{"embeddable":true,"href":"https:\/\/zonaroja.com.mx\/index.php?rest_route=%2Fwp%2Fv2%2Fcomments&post=84086"}],"version-history":[{"count":1,"href":"https:\/\/zonaroja.com.mx\/index.php?rest_route=\/wp\/v2\/posts\/84086\/revisions"}],"predecessor-version":[{"id":84088,"href":"https:\/\/zonaroja.com.mx\/index.php?rest_route=\/wp\/v2\/posts\/84086\/revisions\/84088"}],"wp:featuredmedia":[{"embeddable":true,"href":"https:\/\/zonaroja.com.mx\/index.php?rest_route=\/wp\/v2\/media\/84087"}],"wp:attachment":[{"href":"https:\/\/zonaroja.com.mx\/index.php?rest_route=%2Fwp%2Fv2%2Fmedia&parent=84086"}],"wp:term":[{"taxonomy":"category","embeddable":true,"href":"https:\/\/zonaroja.com.mx\/index.php?rest_route=%2Fwp%2Fv2%2Fcategories&post=84086"},{"taxonomy":"post_tag","embeddable":true,"href":"https:\/\/zonaroja.com.mx\/index.php?rest_route=%2Fwp%2Fv2%2Ftags&post=84086"}],"curies":[{"name":"wp","href":"https:\/\/api.w.org\/{rel}","templated":true}]}}