{"id":84089,"date":"2025-08-30T10:45:00","date_gmt":"2025-08-30T16:45:00","guid":{"rendered":"https:\/\/zonaroja.com.mx\/?p=84089"},"modified":"2025-08-30T07:06:25","modified_gmt":"2025-08-30T13:06:25","slug":"entregan-en-oaxaca-3500-computadoras-a-302-escuelas","status":"publish","type":"post","link":"https:\/\/zonaroja.com.mx\/?p=84089","title":{"rendered":"Entregan en Oaxaca 3,500 computadoras a 302 escuelas"},"content":{"rendered":"\n<p>Redacci\u00f3n\/Zona Roja.&nbsp;<\/p>\n\n\n\n<p>Oaxaca, Oax., a 30 de agosto de 2025.- Con la finalidad de dignificar entornos educativos y mejorar las condiciones de aprendizaje, el gobernador Salom\u00f3n Jara Cruz entreg\u00f3, de manera directa, tres mil 500 equipos de c\u00f3mputo a 302 planteles de los cinco subsistemas de educaci\u00f3n media superior.<\/p>\n\n\n\n<p>Con esta \u201cGuelaguetza Digital\u201d, el mandatario estatal afirm\u00f3 que, por primera vez, se antepone el inter\u00e9s superior de la juventud oaxaque\u00f1a a una educaci\u00f3n de calidad, en espacios que dispongan del material necesario para detonar su potencial.<\/p>\n\n\n\n<p>\u201cEn este gobierno hemos puesto la educaci\u00f3n al centro de las prioridades porque no hay desarrollo ni bienestar posible sin garantizar a las y los j\u00f3venes herramientas necesarias para su formaci\u00f3n acad\u00e9mica; estoy convencido de que la justicia educativa es tambi\u00e9n justicia social\u201d, afirm\u00f3 Jara Cruz, en compa\u00f1\u00eda de la presidenta honoraria del Sistema DIF Oaxaca, Irma Bola\u00f1os Quijano.<\/p>\n\n\n\n<p>De esta forma, la Primavera Oaxaque\u00f1a cumple los compromisos establecidos con el pueblo, que, en este caso, favorece la permanencia en las aulas de m\u00e1s de 84 mil estudiantes que cursan en alguna de las instituciones de nivel medio superior.<\/p>\n\n\n\n<p>Las escuelas beneficiadas, son: Colegio de Bachilleres del Estado de Oaxaca (Cobao); Instituto de Estudios de Bachillerato del Estado de Oaxaca (IEBO); Colegio Superior para la Educaci\u00f3n Integral Intercultural de Oaxaca (CSEIIO); Telebachillerato Comunitario del Estado de Oaxaca (Tebceo); y el Colegio de Estudios Cient\u00edficos y Tecnol\u00f3gicos del Estado de Oaxaca (Cecyteo).&nbsp;<\/p>\n\n\n\n<p>Esta estrategia tambi\u00e9n apoya la implementaci\u00f3n del Sistema Integral de Protecci\u00f3n de Trayectorias Educativas de Oaxaca (SIPTEO), proyecto liderado por la SEP y el Banco Mundial, que combate la deserci\u00f3n escolar en la educaci\u00f3n media superior de la entidad.<\/p>\n\n\n\n<p>En representaci\u00f3n de la comunidad estudiantil, la alumna del IEBO plantel 101 San Mateo Yoloxochitl\u00e1n, Yetzani Canseco Guerrero, expres\u00f3 que la dotaci\u00f3n de este equipamiento no tiene precedente en la historia, el cual les permitir\u00e1 el fortalecimiento acad\u00e9mico, toda vez que el bachillerato es el paso previo a la educaci\u00f3n superior.<\/p>\n\n\n\n<p>\u201cInvertir en educaci\u00f3n es de las mejores decisiones que puede realizar un gobernante porque apuesta por el desarrollo social y econ\u00f3mico de las comunidades\u201d, finaliz\u00f3.<\/p>\n\n\n\n<figure class=\"wp-block-embed is-type-rich is-provider-twitter wp-block-embed-twitter\"><div class=\"wp-block-embed__wrapper\">\n<div class=\"twitter-tweet\"><blockquote class=\"twitter-tweet\" data-lang=\"es\"><p lang=\"es\" dir=\"ltr\">\u00bfUna Guelaguetza Digital en Oaxaca? \u00bfDe qu\u00e9 se trata?<br><br>Esta ma\u00f1ana el gobernador <a href=\"https:\/\/twitter.com\/salomonj?ref_src=twsrc%5Etfw\">@salomonj<\/a> encabez\u00f3 un acto con cientos de estudiantes en la Plaza de la Danza de la ciudad de Oaxaca. <br><br>Al lado del edil <a href=\"https:\/\/twitter.com\/raychagoya?ref_src=twsrc%5Etfw\">@raychagoya<\/a>, entreg\u00f3 computadoras a estudiantes del nivel bachillerato del\u2026 <a href=\"https:\/\/t.co\/xGBLsAlP9k\">pic.twitter.com\/xGBLsAlP9k<\/a><\/p>&mdash; Zona Roja Oaxaca (@ZonaRoja_Oaxaca) <a href=\"https:\/\/twitter.com\/ZonaRoja_Oaxaca\/status\/1961493083784192277?ref_src=twsrc%5Etfw\">29 de agosto de 2025<\/a><\/blockquote><\/div>\n<\/div><\/figure>\n","protected":false},"excerpt":{"rendered":"<p>Redacci\u00f3n\/Zona Roja.&nbsp; Oaxaca, Oax., a 30 de agosto de 2025.- Con la finalidad de dignificar&hellip;<\/p>\n","protected":false},"author":2,"featured_media":84090,"comment_status":"closed","ping_status":"open","sticky":false,"template":"","format":"standard","meta":{"_lmt_disableupdate":"","_lmt_disable":"","_jetpack_memberships_contains_paid_content":false,"footnotes":""},"categories":[109,46],"tags":[939],"class_list":["post-84089","post","type-post","status-publish","format-standard","has-post-thumbnail","hentry","category-minuto-a-minuto","category-zona-blanca","tag-salomon-jara-cruz"],"jetpack_featured_media_url":"https:\/\/zonaroja.com.mx\/wp-content\/uploads\/2025\/08\/Entrega-Salomon-Jara-equipo-de-computo-a-302-planteles-de-educacion-media-superior-de-Oaxaca-7.jpeg","jetpack_sharing_enabled":true,"_links":{"self":[{"href":"https:\/\/zonaroja.com.mx\/index.php?rest_route=\/wp\/v2\/posts\/84089","targetHints":{"allow":["GET"]}}],"collection":[{"href":"https:\/\/zonaroja.com.mx\/index.php?rest_route=\/wp\/v2\/posts"}],"about":[{"href":"https:\/\/zonaroja.com.mx\/index.php?rest_route=\/wp\/v2\/types\/post"}],"author":[{"embeddable":true,"href":"https:\/\/zonaroja.com.mx\/index.php?rest_route=\/wp\/v2\/users\/2"}],"replies":[{"embeddable":true,"href":"https:\/\/zonaroja.com.mx\/index.php?rest_route=%2Fwp%2Fv2%2Fcomments&post=84089"}],"version-history":[{"count":1,"href":"https:\/\/zonaroja.com.mx\/index.php?rest_route=\/wp\/v2\/posts\/84089\/revisions"}],"predecessor-version":[{"id":84091,"href":"https:\/\/zonaroja.com.mx\/index.php?rest_route=\/wp\/v2\/posts\/84089\/revisions\/84091"}],"wp:featuredmedia":[{"embeddable":true,"href":"https:\/\/zonaroja.com.mx\/index.php?rest_route=\/wp\/v2\/media\/84090"}],"wp:attachment":[{"href":"https:\/\/zonaroja.com.mx\/index.php?rest_route=%2Fwp%2Fv2%2Fmedia&parent=84089"}],"wp:term":[{"taxonomy":"category","embeddable":true,"href":"https:\/\/zonaroja.com.mx\/index.php?rest_route=%2Fwp%2Fv2%2Fcategories&post=84089"},{"taxonomy":"post_tag","embeddable":true,"href":"https:\/\/zonaroja.com.mx\/index.php?rest_route=%2Fwp%2Fv2%2Ftags&post=84089"}],"curies":[{"name":"wp","href":"https:\/\/api.w.org\/{rel}","templated":true}]}}