{"id":84092,"date":"2025-08-30T11:09:00","date_gmt":"2025-08-30T17:09:00","guid":{"rendered":"https:\/\/zonaroja.com.mx\/?p=84092"},"modified":"2025-08-30T07:10:09","modified_gmt":"2025-08-30T13:10:09","slug":"anuncian-captura-en-guerrero-de-gabriel-n-uno-de-los-mas-buscados-por-eu","status":"publish","type":"post","link":"https:\/\/zonaroja.com.mx\/?p=84092","title":{"rendered":"Anuncian captura en Guerrero de Gabriel \u201cN\u201d, uno de los m\u00e1s buscados por EU"},"content":{"rendered":"\n<p>Redacci\u00f3n\/Zona Roja Cdmx.<\/p>\n\n\n\n<p>Ciudad de M\u00e9xico, a 30 de agosto de 2025.- Omar Garc\u00eda Harfuch, titular de la Secretar\u00eda de Seguridad y Protecci\u00f3n Ciudadana (SSPC) inform\u00f3 la detenci\u00f3n de Gabriel \u201cN\u201d, uno de los m\u00e1s buscados por las autoridades de los Estados Unidos.<\/p>\n\n\n\n<p>La captura se realiz\u00f3 durante un operativo en el estado de Guerrero efectuado por parte de elementos de la Agencia de Investigaci\u00f3n Criminal de la Fiscal\u00eda General de la Rep\u00fablica (FGR).<\/p>\n\n\n\n<p>Harfuch inform\u00f3 que Gabriel \u201cN\u201d cuenta con una orden de extradici\u00f3n a los Estados Unidos debido a que es identificado como uno de los criminales m\u00e1s buscados por las autoridades de ese pa\u00eds al estar relacionado con diversos delitos.<\/p>\n\n\n\n<p>\u201cEs uno de los m\u00e1s buscados por autoridades de Estados Unidos al estar relacionado con un feminicidio, robo y disponer de forma indebida de recursos y valores de los clientes de las instituciones de cr\u00e9dito\u201d, detall\u00f3 el secretario de seguridad federal a trav\u00e9s de redes sociales.<\/p>\n\n\n\n<p>De acuerdo con las autoridades federales, la acci\u00f3n que deriv\u00f3 en la captura de Gabriel \u201cN\u201d se efectu\u00f3 en la colonia Barrio de San Jos\u00e9 del municipio de Ometepec.<\/p>\n\n\n\n<p>Este punto se identific\u00f3 como la zona de movilidad de un hombre que contaba con orden de extradici\u00f3n e identificado como uno de los m\u00e1s buscados por EEUU.<\/p>\n\n\n\n<p>Durante recorridos de seguridad, los agentes ubicaron a un hombre que coincid\u00eda con las caracter\u00edsticas del individuo buscado, por lo que le marcaron el alto.<\/p>\n\n\n\n<p>Tras corroborar que se trataba de Gabriel \u201cN\u201d, los elementos procedieron con su detenci\u00f3n para presentarlo ante el agente del Ministerio P\u00fablico correspondiente para que defina su situaci\u00f3n legal.<\/p>\n\n\n\n<p>En este operativo tambi\u00e9n se cont\u00f3 con la participaci\u00f3n de elementos de la Secretar\u00eda de la Defensa Nacional (Defensa), Secretar\u00eda de Marina (Semar), Guardia Nacional (GN) y elementos de la citada corporaci\u00f3n.<\/p>\n\n\n\n<p>Esta detenci\u00f3n se suma a la realizada por autoridades estatales en Jalisco de Patrick \u201cN\u201d de 54 a\u00f1os de edad, quien era buscado por la Oficina del Servicio de los Marshals de los Estados Unidos por su presunta responsabilidad en un ataque con arma de fuego en California en 2013.<\/p>\n\n\n\n<p>Las pesquisas se\u00f1alan que el hombre, originario de EEUU, se encontraba desde hace tiempo en la Zona Metropolitana de Guadalajara de manera irregular.<\/p>\n\n\n\n<p>Patrick \u201cN\u201d era buscado por la oficina del Servicio de los Marshals de Estados Unidos al ser se\u00f1alado por su probable responsabilidad en un ataque con arma de fuego cometido en contra de una mujer, quien al parecer era su expareja.<\/p>\n\n\n\n<p>El hombre fue puesto a disposici\u00f3n del Instituto Nacional de Migraci\u00f3n (INM) para su deportaci\u00f3n, ya que contaba con una orden de arresto emitida en 2015 por la Corte Superior del Estado de California, en el Condado de Santa Clara.<\/p>\n\n\n\n<p>(Informaci\u00f3n de Infobae M\u00e9xico)<\/p>\n","protected":false},"excerpt":{"rendered":"<p>Redacci\u00f3n\/Zona Roja Cdmx. Ciudad de M\u00e9xico, a 30 de agosto de 2025.- Omar Garc\u00eda Harfuch,&hellip;<\/p>\n","protected":false},"author":2,"featured_media":84093,"comment_status":"closed","ping_status":"open","sticky":false,"template":"","format":"standard","meta":{"_lmt_disableupdate":"","_lmt_disable":"","_jetpack_memberships_contains_paid_content":false,"footnotes":""},"categories":[109,46],"tags":[],"class_list":["post-84092","post","type-post","status-publish","format-standard","has-post-thumbnail","hentry","category-minuto-a-minuto","category-zona-blanca"],"jetpack_featured_media_url":"https:\/\/zonaroja.com.mx\/wp-content\/uploads\/2025\/08\/Detenido-en-Guerrero-buscado-por-EU.jpg.avif","jetpack_sharing_enabled":true,"_links":{"self":[{"href":"https:\/\/zonaroja.com.mx\/index.php?rest_route=\/wp\/v2\/posts\/84092","targetHints":{"allow":["GET"]}}],"collection":[{"href":"https:\/\/zonaroja.com.mx\/index.php?rest_route=\/wp\/v2\/posts"}],"about":[{"href":"https:\/\/zonaroja.com.mx\/index.php?rest_route=\/wp\/v2\/types\/post"}],"author":[{"embeddable":true,"href":"https:\/\/zonaroja.com.mx\/index.php?rest_route=\/wp\/v2\/users\/2"}],"replies":[{"embeddable":true,"href":"https:\/\/zonaroja.com.mx\/index.php?rest_route=%2Fwp%2Fv2%2Fcomments&post=84092"}],"version-history":[{"count":1,"href":"https:\/\/zonaroja.com.mx\/index.php?rest_route=\/wp\/v2\/posts\/84092\/revisions"}],"predecessor-version":[{"id":84094,"href":"https:\/\/zonaroja.com.mx\/index.php?rest_route=\/wp\/v2\/posts\/84092\/revisions\/84094"}],"wp:featuredmedia":[{"embeddable":true,"href":"https:\/\/zonaroja.com.mx\/index.php?rest_route=\/wp\/v2\/media\/84093"}],"wp:attachment":[{"href":"https:\/\/zonaroja.com.mx\/index.php?rest_route=%2Fwp%2Fv2%2Fmedia&parent=84092"}],"wp:term":[{"taxonomy":"category","embeddable":true,"href":"https:\/\/zonaroja.com.mx\/index.php?rest_route=%2Fwp%2Fv2%2Fcategories&post=84092"},{"taxonomy":"post_tag","embeddable":true,"href":"https:\/\/zonaroja.com.mx\/index.php?rest_route=%2Fwp%2Fv2%2Ftags&post=84092"}],"curies":[{"name":"wp","href":"https:\/\/api.w.org\/{rel}","templated":true}]}}