{"id":84095,"date":"2025-08-30T12:11:00","date_gmt":"2025-08-30T18:11:00","guid":{"rendered":"https:\/\/zonaroja.com.mx\/?p=84095"},"modified":"2025-08-30T07:24:36","modified_gmt":"2025-08-30T13:24:36","slug":"registra-organismo-civil-761-mujeres-asesinadas-en-siete-anos","status":"publish","type":"post","link":"https:\/\/zonaroja.com.mx\/?p=84095","title":{"rendered":"Registra organismo civil 761 mujeres asesinadas en siete a\u00f1os\u00a0"},"content":{"rendered":"\n<p>Lisbeth Mej\u00eda Reyes\/Zona Roja.<\/p>\n\n\n\n<p>Oaxaca, Oax., a 30 de agosto de 2025.- A siete a\u00f1os de que el gobierno federal declar\u00f3 la Alerta de Violencia de G\u00e9nero para 40 municipios del estado de Oaxaca, la violencia feminicida ha acabado con la vida de 761 mujeres y ni\u00f1as, de acuerdo con la asociaci\u00f3n civil Grupo de Estudios sobre la Mujer \u201cRosario Castellanos\u201d (GES Mujer).<\/p>\n\n\n\n<p>Entre estos cr\u00edmenes, que son la m\u00e1xima expresi\u00f3n de las violencias en contra de las mujeres, m\u00e1s de la mitad (55.8%) se registraron en los municipios que incluye la alerta, misma que fue declarada por la Comisi\u00f3n Nacional para Prevenir y Erradicar la Violencia Contra las Mujeres (Conavim).&nbsp;<\/p>\n\n\n\n<p>El resto ocurri\u00f3 en municipios que no tienen la declaratoria, por lo que la organizaci\u00f3n se mostr\u00f3 preocupada por la extensi\u00f3n de la violencia en el estado.<\/p>\n\n\n\n<p>Este 30 de agosto se cumple el s\u00e9ptimo aniversario de la alerta, un momento clave en el que la asociaci\u00f3n civil hizo un llamado urgente a las autoridades para evaluar el mecanismo, pero tambi\u00e9n a fortalecer la prevenci\u00f3n, atenci\u00f3n y sanci\u00f3n de la violencia feminicida.<\/p>\n\n\n\n<p>Los asesinatos de mujeres contados a partir de la declaratoria abarcan ya dos administraciones estatales: la del ex gobernador Alejandro Murat Hinojosa (2016-2022), en la que se decret\u00f3, y la del mandatario Salom\u00f3n Jara Cruz (2022-2028).<\/p>\n\n\n\n<p>En lo que va de la administraci\u00f3n de Jara Cruz, se han perpetrado 260 asesinatos violentos de mujeres. De estos, 56 han ocurrido en el 2025, principalmente en las regiones Istmo de Tehuantepec y Valles Centrales, lo que para la asociaci\u00f3n civil es una se\u00f1al de que se tiene que revisar el actuar de los Centros de Justicia para Mujeres en esas regiones.<\/p>\n\n\n\n<p>A trav\u00e9s de un pronunciamiento, GES Mujer explic\u00f3 que la Alerta de Violencia de G\u00e9nero contra las Mujeres (AVGM) es un mecanismo que abarca \u00abun conjunto de acciones gubernamentales de emergencia para enfrentar y erradicar la violencia de g\u00e9nero y su manifestaci\u00f3n m\u00e1s grave: la violencia feminicida\u00bb.&nbsp;<\/p>\n\n\n\n<p>Adem\u00e1s de la declaratoria de 2018, el gobierno federal emiti\u00f3 una segunda resoluci\u00f3n el 19 de agosto de 2021, en la que se explicita la asignaci\u00f3n de recursos presupuestales.<\/p>\n\n\n\n<p>Aunque la asociaci\u00f3n ha registrado 761 casos de asesinatos violentos de mujeres, pocos se indagan como feminicidios, como se observa en las estad\u00edsticas del Secretariado Ejecutivo del Sistema Nacional de Seguridad P\u00fablica (SESNSP), algo que tambi\u00e9n preocupa a las familias v\u00edctimas.<\/p>\n\n\n\n<p>\u00abLos feminicidios son el grado m\u00e1ximo de violaci\u00f3n a los derechos humanos de las mujeres, pero antes hay una serie de violencias que al no detectarse o detenerse a tiempo van creciendo en frecuencia y gravedad, de ah\u00ed la importancia de la prevenci\u00f3n y atenci\u00f3n a todas las formas de violencia que demuestren que se valora la integridad, la libertad y la vida de las oaxaque\u00f1as\u00bb, detall\u00f3 la asociaci\u00f3n civil.&nbsp;<\/p>\n\n\n\n<p>De acuerdo con el C\u00f3digo Penal del Estado de Oaxaca, comete feminicidio quien prive de la vida a una mujer por raz\u00f3n de g\u00e9nero. Este delito se castiga con. una sanci\u00f3n de cincuenta a sesenta a\u00f1os de prisi\u00f3n y multa de quinientos a mil veces el valor diario de la unidad de medida y actualizaci\u00f3n.<\/p>\n\n\n\n<p>\u00abComo GESMujer reiteramos que m\u00e1s que estad\u00edsticas, cada caso representa la p\u00e9rdida de hijas, madres, hermanas, integrantes de familias que quedan lastimadas por la impunidad, las carencias institucionales y la falta de recursos para disminuir el riesgo de un feminicidio\u00bb, expres\u00f3 la asociaci\u00f3n.<\/p>\n","protected":false},"excerpt":{"rendered":"<p>Lisbeth Mej\u00eda Reyes\/Zona Roja. Oaxaca, Oax., a 30 de agosto de 2025.- A siete a\u00f1os&hellip;<\/p>\n","protected":false},"author":2,"featured_media":68569,"comment_status":"closed","ping_status":"open","sticky":false,"template":"","format":"standard","meta":{"_lmt_disableupdate":"","_lmt_disable":"","_jetpack_memberships_contains_paid_content":false,"footnotes":""},"categories":[109,47],"tags":[610],"class_list":["post-84095","post","type-post","status-publish","format-standard","has-post-thumbnail","hentry","category-minuto-a-minuto","category-zona-gris","tag-feminicidios-oaxaca"],"jetpack_featured_media_url":"https:\/\/zonaroja.com.mx\/wp-content\/uploads\/2024\/05\/Feminicidios-2.jpg.webp","jetpack_sharing_enabled":true,"_links":{"self":[{"href":"https:\/\/zonaroja.com.mx\/index.php?rest_route=\/wp\/v2\/posts\/84095","targetHints":{"allow":["GET"]}}],"collection":[{"href":"https:\/\/zonaroja.com.mx\/index.php?rest_route=\/wp\/v2\/posts"}],"about":[{"href":"https:\/\/zonaroja.com.mx\/index.php?rest_route=\/wp\/v2\/types\/post"}],"author":[{"embeddable":true,"href":"https:\/\/zonaroja.com.mx\/index.php?rest_route=\/wp\/v2\/users\/2"}],"replies":[{"embeddable":true,"href":"https:\/\/zonaroja.com.mx\/index.php?rest_route=%2Fwp%2Fv2%2Fcomments&post=84095"}],"version-history":[{"count":1,"href":"https:\/\/zonaroja.com.mx\/index.php?rest_route=\/wp\/v2\/posts\/84095\/revisions"}],"predecessor-version":[{"id":84096,"href":"https:\/\/zonaroja.com.mx\/index.php?rest_route=\/wp\/v2\/posts\/84095\/revisions\/84096"}],"wp:featuredmedia":[{"embeddable":true,"href":"https:\/\/zonaroja.com.mx\/index.php?rest_route=\/wp\/v2\/media\/68569"}],"wp:attachment":[{"href":"https:\/\/zonaroja.com.mx\/index.php?rest_route=%2Fwp%2Fv2%2Fmedia&parent=84095"}],"wp:term":[{"taxonomy":"category","embeddable":true,"href":"https:\/\/zonaroja.com.mx\/index.php?rest_route=%2Fwp%2Fv2%2Fcategories&post=84095"},{"taxonomy":"post_tag","embeddable":true,"href":"https:\/\/zonaroja.com.mx\/index.php?rest_route=%2Fwp%2Fv2%2Ftags&post=84095"}],"curies":[{"name":"wp","href":"https:\/\/api.w.org\/{rel}","templated":true}]}}