{"id":84097,"date":"2025-08-30T13:35:00","date_gmt":"2025-08-30T19:35:00","guid":{"rendered":"https:\/\/zonaroja.com.mx\/?p=84097"},"modified":"2025-08-30T07:36:43","modified_gmt":"2025-08-30T13:36:43","slug":"eligen-en-oaxaca-de-juarez-a-la-america-2025-por-las-fiestas-patrias","status":"publish","type":"post","link":"https:\/\/zonaroja.com.mx\/?p=84097","title":{"rendered":"Eligen en Oaxaca de Ju\u00e1rez a la \u201cAm\u00e9rica\u201d 2025, por las fiestas patrias"},"content":{"rendered":"\n<p>Redacci\u00f3n\/Zona Roja.<\/p>\n\n\n\n<p>Oaxaca, Oax., a 30 de agosto de 2025.- El ayuntamiento de Oaxaca de Ju\u00e1rez anunci\u00f3 la elecci\u00f3n de la \u201cAm\u00e9rica\u201d 2025, certamen que reconoce el talento y compromiso c\u00edvico de las j\u00f3venes capitalinas y quienes tendr\u00e1n el honor de participar en las fiestas patrias, cantando el glorioso Himno Nacional Mexicano.&nbsp;<\/p>\n\n\n\n<p>En esta edici\u00f3n, el primer lugar fue para Mair\u00edm Cruz Luna, quien portar\u00e1 el t\u00edtulo de \u201cAm\u00e9rica\u201d 2025. El segundo lugar lo obtuvo Cinthia M\u00e9ndez Garc\u00eda, mientras que el tercer lugar correspondi\u00f3 a Mariana Sarmiento Jim\u00e9nez, quienes integrar\u00e1n el coro c\u00edvico.<\/p>\n\n\n\n<p>Durante el evento tambi\u00e9n se entreg\u00f3 un reconocimiento especial a Janet Karime Morales Mart\u00ednez, quien represent\u00f3 dignamente al municipio como \u201cAm\u00e9rica\u201d 2024.<\/p>\n\n\n\n<p>Las tres j\u00f3venes electas encabezar\u00e1n las celebraciones patrias de septiembre y representar\u00e1n a Oaxaca de Ju\u00e1rez en distintos actos c\u00edvicos, culturales y sociales, reafirmando la importancia de mantener vivas las tradiciones que fortalecen la identidad de la capital.<\/p>\n\n\n\n<p>El presidente municipal Ray Chagoya destac\u00f3 que la elecci\u00f3n de la Am\u00e9rica es una muestra del inter\u00e9s de su gobierno en preservar los valores c\u00edvicos y patri\u00f3ticos, fortaleciendo el sentido de pertenencia y unidad entre las y los oaxaque\u00f1os.<\/p>\n\n\n\n<p>GUELAGUETZA DIGITAL<\/p>\n\n\n\n<p>Por otra parte, en un acto sin precedentes celebrado ayer en la Plaza de la Danza, el gobernador Salom\u00f3n Jara Cruz, encabez\u00f3 la entrega de tres mil 500 computadoras port\u00e1tiles destinadas a estudiantes de educaci\u00f3n media superior, como parte de la estrategia denominada \u201cGuelaguetza Digital: Compartiendo tecnolog\u00eda para aprender\u201d.&nbsp;<\/p>\n\n\n\n<p>Esta acci\u00f3n tiene como objetivo fortalecer a los subsistemas Cobao, Cecyte, IEBO y CSEIIO, ampliando las oportunidades de miles de j\u00f3venes oaxaque\u00f1os.<\/p>\n\n\n\n<p>En la ceremonia particip\u00f3 el presidente municipal de Oaxaca de Ju\u00e1rez, Ray Chagoya Villanueva, quien destac\u00f3 que este esfuerzo conjunto representa una inversi\u00f3n directa en el futuro de la juventud, al dotarlos de herramientas que facilitan el aprendizaje y los acercan a las competencias tecnol\u00f3gicas que exige el mundo actual.<\/p>\n\n\n\n<p>Ray Chagoya subray\u00f3 que la Guelaguetza Digital es un s\u00edmbolo de progreso y unidad, que refleja la visi\u00f3n transformadora de la Primavera Oaxaque\u00f1a y confirma que los resultados llegan a estudiantes, familias y comunidades enteras.<\/p>\n","protected":false},"excerpt":{"rendered":"<p>Redacci\u00f3n\/Zona Roja. Oaxaca, Oax., a 30 de agosto de 2025.- El ayuntamiento de Oaxaca de&hellip;<\/p>\n","protected":false},"author":2,"featured_media":84098,"comment_status":"closed","ping_status":"open","sticky":false,"template":"","format":"standard","meta":{"_lmt_disableupdate":"","_lmt_disable":"","_jetpack_memberships_contains_paid_content":false,"footnotes":""},"categories":[109,46],"tags":[148],"class_list":["post-84097","post","type-post","status-publish","format-standard","has-post-thumbnail","hentry","category-minuto-a-minuto","category-zona-blanca","tag-oaxaca-de-juarez"],"jetpack_featured_media_url":"https:\/\/zonaroja.com.mx\/wp-content\/uploads\/2025\/08\/Senorita-America-Oaxaca-de-Juarez-2025.jpeg","jetpack_sharing_enabled":true,"_links":{"self":[{"href":"https:\/\/zonaroja.com.mx\/index.php?rest_route=\/wp\/v2\/posts\/84097","targetHints":{"allow":["GET"]}}],"collection":[{"href":"https:\/\/zonaroja.com.mx\/index.php?rest_route=\/wp\/v2\/posts"}],"about":[{"href":"https:\/\/zonaroja.com.mx\/index.php?rest_route=\/wp\/v2\/types\/post"}],"author":[{"embeddable":true,"href":"https:\/\/zonaroja.com.mx\/index.php?rest_route=\/wp\/v2\/users\/2"}],"replies":[{"embeddable":true,"href":"https:\/\/zonaroja.com.mx\/index.php?rest_route=%2Fwp%2Fv2%2Fcomments&post=84097"}],"version-history":[{"count":1,"href":"https:\/\/zonaroja.com.mx\/index.php?rest_route=\/wp\/v2\/posts\/84097\/revisions"}],"predecessor-version":[{"id":84099,"href":"https:\/\/zonaroja.com.mx\/index.php?rest_route=\/wp\/v2\/posts\/84097\/revisions\/84099"}],"wp:featuredmedia":[{"embeddable":true,"href":"https:\/\/zonaroja.com.mx\/index.php?rest_route=\/wp\/v2\/media\/84098"}],"wp:attachment":[{"href":"https:\/\/zonaroja.com.mx\/index.php?rest_route=%2Fwp%2Fv2%2Fmedia&parent=84097"}],"wp:term":[{"taxonomy":"category","embeddable":true,"href":"https:\/\/zonaroja.com.mx\/index.php?rest_route=%2Fwp%2Fv2%2Fcategories&post=84097"},{"taxonomy":"post_tag","embeddable":true,"href":"https:\/\/zonaroja.com.mx\/index.php?rest_route=%2Fwp%2Fv2%2Ftags&post=84097"}],"curies":[{"name":"wp","href":"https:\/\/api.w.org\/{rel}","templated":true}]}}