{"id":84107,"date":"2025-08-30T16:46:00","date_gmt":"2025-08-30T22:46:00","guid":{"rendered":"https:\/\/zonaroja.com.mx\/?p=84107"},"modified":"2025-08-30T07:47:32","modified_gmt":"2025-08-30T13:47:32","slug":"la-scjn-deja-pendiente-proteccion-juridica-a-sitio-arqueologico-guiengola","status":"publish","type":"post","link":"https:\/\/zonaroja.com.mx\/?p=84107","title":{"rendered":"La SCJN deja pendiente protecci\u00f3n jur\u00eddica a sitio arqueol\u00f3gico \u201cGuiengola\u201d"},"content":{"rendered":"\n<p>Redacci\u00f3n\/Zona Roja.<\/p>\n\n\n\n<p>Oaxaca, Oax., a 30 de septiembre de 2025.- La protecci\u00f3n legal del centro ceremonial zapoteco de \u201cGuiengola\u201d, en Santo Domingo Tehuantepec, sigue en el limbo jur\u00eddico.&nbsp;<\/p>\n\n\n\n<p>Pese a los intentos de Carlos Morales S\u00e1nchez, abogado de Litigio Estrat\u00e9gico Ind\u00edgena A.C. por obtener el reconocimiento formal de esta zona como monumento arqueol\u00f3gico por parte del Instituto Nacional de Antropolog\u00eda e Historia (INAH), la Suprema Corte de Justicia de la Naci\u00f3n (SCJN) no resolvi\u00f3 el recurso de revisi\u00f3n interpuesto y dejar\u00e1 el caso pendiente al concluir su periodo de sesiones el pr\u00f3ximo 30 de agosto de 2025.<\/p>\n\n\n\n<p>El representante de la organizaci\u00f3n Litigio Estrat\u00e9gico Ind\u00edgena A.C., promovi\u00f3 un juicio de amparo contra la omisi\u00f3n del INAH de declarar formalmente a \u201cGuiengola\u201d como zona de monumentos arqueol\u00f3gicos.&nbsp;<\/p>\n\n\n\n<p>Argument\u00f3 que esta falta de reconocimiento ha dejado al sitio desprotegido jur\u00eddicamente y expuesto a riesgos de invasi\u00f3n, as\u00ed como a los impactos negativos derivados de megaproyectos en el Istmo de Tehuantepec.<\/p>\n\n\n\n<p>Sin embargo, el Juzgado S\u00e9ptimo de Distrito en Oaxaca neg\u00f3 la protecci\u00f3n federal, alegando que Morales S\u00e1nchez no ten\u00eda legitimaci\u00f3n legal para representar al sitio y que, supuestamente, la zona ya contaba con medidas de protecci\u00f3n.&nbsp;<\/p>\n\n\n\n<p>Esta decisi\u00f3n fue impugnada mediante recurso de revisi\u00f3n, mismo que fue admitido por la SCJN dada su relevancia para los derechos de los pueblos ind\u00edgenas y la preservaci\u00f3n de su patrimonio cultural e inmaterial.<\/p>\n\n\n\n<p>El caso fue turnado a la ministra Margarita R\u00edos Farjat, pero hasta el momento, no ha sido resuelto por el pleno de la Corte.<\/p>\n\n\n\n<p>Carlos Morales advirti\u00f3 que uno de los retos m\u00e1s urgentes para la nueva Suprema Corte ser\u00e1 precisamente emitir criterios jurisprudenciales que garanticen la protecci\u00f3n del patrimonio cultural material de los pueblos ind\u00edgenas, incluso frente a autoridades como el INAH, a quien acus\u00f3 de actuar con insensibilidad e indolencia ante sus obligaciones de resguardo.<\/p>\n\n\n\n<p>\u201cNo basta con discursos institucionales: se requieren acciones jur\u00eddicas concretas que reconozcan el derecho de los pueblos ind\u00edgenas a decidir sobre su patrimonio\u201d, puntualiz\u00f3 el abogado.<\/p>\n\n\n\n<p>El caso de \u201cGuiengola\u201d no es un hecho aislado, sino un reflejo de las tensiones estructurales entre los intereses de desarrollo y los derechos culturales de los pueblos originarios, una deuda hist\u00f3rica que sigue sin saldarse.<\/p>\n","protected":false},"excerpt":{"rendered":"<p>Redacci\u00f3n\/Zona Roja. Oaxaca, Oax., a 30 de septiembre de 2025.- La protecci\u00f3n legal del centro&hellip;<\/p>\n","protected":false},"author":2,"featured_media":75346,"comment_status":"closed","ping_status":"open","sticky":false,"template":"","format":"standard","meta":{"_lmt_disableupdate":"","_lmt_disable":"","_jetpack_memberships_contains_paid_content":false,"footnotes":""},"categories":[109,46],"tags":[4125],"class_list":["post-84107","post","type-post","status-publish","format-standard","has-post-thumbnail","hentry","category-minuto-a-minuto","category-zona-blanca","tag-zona-arqueologica-guiengola"],"jetpack_featured_media_url":"https:\/\/zonaroja.com.mx\/wp-content\/uploads\/2024\/12\/Zona-Arqueologica-Guiengola-Tehuantepec.jpg","jetpack_sharing_enabled":true,"_links":{"self":[{"href":"https:\/\/zonaroja.com.mx\/index.php?rest_route=\/wp\/v2\/posts\/84107","targetHints":{"allow":["GET"]}}],"collection":[{"href":"https:\/\/zonaroja.com.mx\/index.php?rest_route=\/wp\/v2\/posts"}],"about":[{"href":"https:\/\/zonaroja.com.mx\/index.php?rest_route=\/wp\/v2\/types\/post"}],"author":[{"embeddable":true,"href":"https:\/\/zonaroja.com.mx\/index.php?rest_route=\/wp\/v2\/users\/2"}],"replies":[{"embeddable":true,"href":"https:\/\/zonaroja.com.mx\/index.php?rest_route=%2Fwp%2Fv2%2Fcomments&post=84107"}],"version-history":[{"count":1,"href":"https:\/\/zonaroja.com.mx\/index.php?rest_route=\/wp\/v2\/posts\/84107\/revisions"}],"predecessor-version":[{"id":84108,"href":"https:\/\/zonaroja.com.mx\/index.php?rest_route=\/wp\/v2\/posts\/84107\/revisions\/84108"}],"wp:featuredmedia":[{"embeddable":true,"href":"https:\/\/zonaroja.com.mx\/index.php?rest_route=\/wp\/v2\/media\/75346"}],"wp:attachment":[{"href":"https:\/\/zonaroja.com.mx\/index.php?rest_route=%2Fwp%2Fv2%2Fmedia&parent=84107"}],"wp:term":[{"taxonomy":"category","embeddable":true,"href":"https:\/\/zonaroja.com.mx\/index.php?rest_route=%2Fwp%2Fv2%2Fcategories&post=84107"},{"taxonomy":"post_tag","embeddable":true,"href":"https:\/\/zonaroja.com.mx\/index.php?rest_route=%2Fwp%2Fv2%2Ftags&post=84107"}],"curies":[{"name":"wp","href":"https:\/\/api.w.org\/{rel}","templated":true}]}}