{"id":84116,"date":"2025-08-31T08:45:00","date_gmt":"2025-08-31T14:45:00","guid":{"rendered":"https:\/\/zonaroja.com.mx\/?p=84116"},"modified":"2025-08-31T09:07:17","modified_gmt":"2025-08-31T15:07:17","slug":"compania-mundial-shein-ni-se-disculpa-con-oaxaca-y-comete-otro-plagio","status":"publish","type":"post","link":"https:\/\/zonaroja.com.mx\/?p=84116","title":{"rendered":"Compa\u00f1\u00eda mundial Shein ni se disculpa con Oaxaca y comete otro plagio"},"content":{"rendered":"\n<p>Ismael Garc\u00eda M.\/Zona Roja.<\/p>\n\n\n\n<p>Oaxaca, Oax., a 31 de agosto de 2025.- A una semana del plagio de un bordado istme\u00f1o, la compa\u00f1\u00eda mundial Shein a\u00fan no ha ofrecido disculpa o reparaci\u00f3n del da\u00f1o a comunidades oaxaque\u00f1as y ya copio otro dise\u00f1o.<\/p>\n\n\n\n<p>Se trata de una blusa con bordado caracter\u00edstico de San Antonino del Valle, municipio de la regi\u00f3n Valles Centrales de Oaxaca.<\/p>\n\n\n\n<p>Por el caso de la prenda del Istmo, Shein \u00fanicamente emiti\u00f3 un pronunciamiento dirigido a un medio de comunicaci\u00f3n y retir\u00f3 del mercado las blusas, pero no se ha dirigido directamente a las autoridades estatales, municipales o a los artesanos.<\/p>\n\n\n\n<p>Al respecto, la Secretar\u00eda de las Culturas y Artes del Gobierno del Estado (Seculta), expres\u00f3 su rechazo contundente ante la respuesta que ha circulado en alg\u00fan medio de informaci\u00f3n, emitida por el portavoz de la empresa Shein, ante el pronunciamiento del uso y aprovechamiento indebido del bordado del Istmo de Tehuantepec, que denunci\u00f3 el pasado 27 de agosto.<\/p>\n\n\n\n<p>\u201cSi bien la multinacional ha retirado la prenda de ropa cuestionada de su plataforma digital y envi\u00f3 un comunicado a un medio de informaci\u00f3n, afirmando el supuesto respeto por las artesanas y los artesanos oaxaque\u00f1os, as\u00ed como, compromisos internos para evitar infracciones, estas acciones no reparan el da\u00f1o ocasionado a los pueblos originarios de nuestro estado\u201d, destac\u00f3.<\/p>\n\n\n\n<p>En un comunicado, la instituci\u00f3n que preside Flavio Sosa Villavicencio sostuvo que este agravio no es un error comercial, sino una manifestaci\u00f3n de la apropiaci\u00f3n cultural sistem\u00e1tica por parte de algunas empresas de car\u00e1cter multinacional y nacionales, que explotan el patrimonio cultural de pueblos originarios para generar ganancias millonarias, mientras socava econom\u00edas locales y desvirt\u00faa el trabajo artesanal.<\/p>\n\n\n\n<p>\u201cLos bordados de los pueblos originarios no son simples dise\u00f1os reproducibles en masa; son expresiones vivas de herencia e identidad colectiva, que sostienen familias enteras y econom\u00edas comunitarias.&nbsp;<\/p>\n\n\n\n<p>\u201cCada pieza es elaborada en semanas o meses de trabajo, representa la historia, que encarna el esp\u00edritu de resistencia comunitaria y la creatividad irrepetible de las artesanas y los artesanos, contrastado con productos contaminantes, fr\u00edvolos u desechables que desvalorizab su labor\u201d, indico en su comunicado.<\/p>\n\n\n\n<p>Por lo anterior, expuso que el comunicado de Shein a un medio de comunicaci\u00f3n y no al gobierno ni a las comunidades afectadas, carece de ser una disculpa p\u00fablica honesta y transparente.&nbsp;<\/p>\n\n\n\n<p>\u201cNo basta con promesas internas; exigimos una disculpa p\u00fablica inmediata y verdadera, un di\u00e1logo directo con el gobierno estatal y la comunidad del Istmo de Tehuantepec, para acordar mecanismos de resarcimiento econ\u00f3mico y cultural. Esto incluyendo compromisos vinculantes para no repetir plagios.<\/p>\n\n\n\n<p>\u201cNo permitiremos que empresas dedicadas al extractivismo cultural lucren con nuestras cosmovisiones y valores est\u00e9ticos sin consecuencias\u201d, remarc\u00f3 la Seculta.<\/p>\n\n\n\n<figure class=\"wp-block-embed is-type-rich is-provider-twitter wp-block-embed-twitter\"><div class=\"wp-block-embed__wrapper\">\n<div class=\"twitter-tweet\"><blockquote class=\"twitter-tweet\" data-lang=\"es\"><p lang=\"es\" dir=\"ltr\">\u00a1Y <a href=\"https:\/\/twitter.com\/SHEIN_Official?ref_src=twsrc%5Etfw\">@SHEIN_Official<\/a> la vuelve a hacer!<br><br>Solo mediante un medio de informaci\u00f3n se disculp\u00f3 por el plagio de un dise\u00f1o istme\u00f1o pero hasta ahora no se ha disculpado con los artesanos ni con el <a href=\"https:\/\/twitter.com\/GobOax?ref_src=twsrc%5Etfw\">@GobOax<\/a>.<br><br>Y en el colmo se vuelve a apropiar de otro dise\u00f1o, ahora de un bordado de San\u2026 <a href=\"https:\/\/t.co\/BusuAb4kPW\">pic.twitter.com\/BusuAb4kPW<\/a><\/p>&mdash; Zona Roja Oaxaca (@ZonaRoja_Oaxaca) <a href=\"https:\/\/twitter.com\/ZonaRoja_Oaxaca\/status\/1961992361950544250?ref_src=twsrc%5Etfw\">31 de agosto de 2025<\/a><\/blockquote><\/div>\n<\/div><\/figure>\n","protected":false},"excerpt":{"rendered":"<p>Ismael Garc\u00eda M.\/Zona Roja. Oaxaca, Oax., a 31 de agosto de 2025.- A una semana&hellip;<\/p>\n","protected":false},"author":2,"featured_media":84139,"comment_status":"closed","ping_status":"open","sticky":false,"template":"","format":"standard","meta":{"_lmt_disableupdate":"","_lmt_disable":"","_jetpack_memberships_contains_paid_content":false,"footnotes":""},"categories":[109,46],"tags":[3368,4427],"class_list":["post-84116","post","type-post","status-publish","format-standard","has-post-thumbnail","hentry","category-minuto-a-minuto","category-zona-blanca","tag-secretaria-de-las-culturas-seculta","tag-shein-plagio-oaxaca"],"jetpack_featured_media_url":"https:\/\/zonaroja.com.mx\/wp-content\/uploads\/2025\/08\/7430d815-359b-4654-a0a5-493e7e30b258.jpg","jetpack_sharing_enabled":true,"_links":{"self":[{"href":"https:\/\/zonaroja.com.mx\/index.php?rest_route=\/wp\/v2\/posts\/84116","targetHints":{"allow":["GET"]}}],"collection":[{"href":"https:\/\/zonaroja.com.mx\/index.php?rest_route=\/wp\/v2\/posts"}],"about":[{"href":"https:\/\/zonaroja.com.mx\/index.php?rest_route=\/wp\/v2\/types\/post"}],"author":[{"embeddable":true,"href":"https:\/\/zonaroja.com.mx\/index.php?rest_route=\/wp\/v2\/users\/2"}],"replies":[{"embeddable":true,"href":"https:\/\/zonaroja.com.mx\/index.php?rest_route=%2Fwp%2Fv2%2Fcomments&post=84116"}],"version-history":[{"count":1,"href":"https:\/\/zonaroja.com.mx\/index.php?rest_route=\/wp\/v2\/posts\/84116\/revisions"}],"predecessor-version":[{"id":84118,"href":"https:\/\/zonaroja.com.mx\/index.php?rest_route=\/wp\/v2\/posts\/84116\/revisions\/84118"}],"wp:featuredmedia":[{"embeddable":true,"href":"https:\/\/zonaroja.com.mx\/index.php?rest_route=\/wp\/v2\/media\/84139"}],"wp:attachment":[{"href":"https:\/\/zonaroja.com.mx\/index.php?rest_route=%2Fwp%2Fv2%2Fmedia&parent=84116"}],"wp:term":[{"taxonomy":"category","embeddable":true,"href":"https:\/\/zonaroja.com.mx\/index.php?rest_route=%2Fwp%2Fv2%2Fcategories&post=84116"},{"taxonomy":"post_tag","embeddable":true,"href":"https:\/\/zonaroja.com.mx\/index.php?rest_route=%2Fwp%2Fv2%2Ftags&post=84116"}],"curies":[{"name":"wp","href":"https:\/\/api.w.org\/{rel}","templated":true}]}}