{"id":84119,"date":"2025-08-31T09:45:00","date_gmt":"2025-08-31T15:45:00","guid":{"rendered":"https:\/\/zonaroja.com.mx\/?p=84119"},"modified":"2025-08-31T06:31:03","modified_gmt":"2025-08-31T12:31:03","slug":"ataques-armados-en-hospitales-de-sinaloa-dejan-5-muertos-y-3-heridos","status":"publish","type":"post","link":"https:\/\/zonaroja.com.mx\/?p=84119","title":{"rendered":"Ataques armados en hospitales de Sinaloa dejan 5 muertos y 3 heridos"},"content":{"rendered":"\n<p>Redacci\u00f3n\/Zona Roja Cdmx.<\/p>\n\n\n\n<p>Ciudad de M\u00e9xico, a 31 de agosto de 2025.- En menos de 24 horas se han registrado tres ataques armados en distintos hospitales ubicados en Culiac\u00e1n, Sinaloa, que han dejado como saldo cinco personas muertas y tres lesionadas.<\/p>\n\n\n\n<p>Las agresiones comenzaron la noche de este viernes en el Hospital Civil de la capital sinaloense, donde sujetos armados arribaron a las instalaciones y abrieron fuego contra las personas que se encontraban fuera del \u00e1rea de urgencias.<\/p>\n\n\n\n<p>Este hecho se registr\u00f3 alrededor de las 19:30 horas y dej\u00f3 como saldo tres personas muertas y tres heridas. De acuerdo con el medio \u201cNoroeste\u201d, las v\u00edctimas fueron identificadas como Rub\u00e9n de 61 a\u00f1os de edad; Jorge Armando de 32 y Jos\u00e9 Ram\u00f3n de 38, en tanto, los lesionados fueron V\u00edctor Antonio de 47 a\u00f1os; Brianna Amairany de 13 y Heldia Milena de 47.<\/p>\n\n\n\n<p>La fachada del hospital qued\u00f3 visiblemente da\u00f1ada debido a las decenas de impactos de arma de fuego de alto calibre que recibi\u00f3 durante el ataque.<\/p>\n\n\n\n<p>Entre los da\u00f1os materiales tambi\u00e9n fueron ubicados al menos cuatro veh\u00edculos con m\u00faltiples impactos de bala.<\/p>\n\n\n\n<p>La tarde de este s\u00e1bado ocurrieron dos agresiones m\u00e1s en las sujetos armados ingresaron a hospitales ubicados en la capital sinaloense para asesinar a pacientes que reci\u00e9n hab\u00edan ingresado para recibir atenci\u00f3n m\u00e9dica.<\/p>\n\n\n\n<p>El primero se registr\u00f3 poco despu\u00e9s de las 14:00 horas al interior de una cl\u00ednica privada ubicada entre las calles Escobedo y Venustiano Carranza de la colonia Centro, en la que sujetos armados ingresaron para asesinar a un joven.<\/p>\n\n\n\n<p>De acuerdo con el medio antes citado, la v\u00edctima fue identificada como V\u00edctor Manuel de 20 a\u00f1os de edad, quien la noche del viernes hab\u00eda sido atacado a tiros cuando se encontraba en compa\u00f1\u00eda de otro hombre en la sindicatura de El Tepuche.<\/p>\n\n\n\n<p>Tras el reporte de disparos de arma de fuego, la Secretar\u00eda de Seguridad P\u00fablica de Sinaloa inform\u00f3 el despliegue de elementos de seguridad a la zona para atender la emergencia.<\/p>\n\n\n\n<p>El segundo hecho ocurri\u00f3 casi de manera simultanea, cerca de las 14:00 horas, al reportarse detonaciones de arma de fuego al interior del Hospital General de Culiac\u00e1n, ubicado sobre la carretera a Imala.<\/p>\n\n\n\n<p>De acuerdo con los reportes, sujetos armados ingresaron al sitio disfrazados como m\u00e9dicos, quienes subieron hasta el primer piso de las instalaciones para asesinar a un paciente que permanec\u00eda internado.<\/p>\n\n\n\n<p>El hospital, perteneciente al Instituto Mexicano del Seguro Social (IMSS) Bienestar, inform\u00f3 que se trat\u00f3 de un joven de 21 a\u00f1os de edad que ingres\u00f3 la tarde de este viernes debido a que presentaba diversas heridas por arma de fuego que lo manten\u00edan grave de salud.<\/p>\n\n\n\n<p>El centro m\u00e9dico detall\u00f3 que ni el personal m\u00e9dico, de enfermer\u00eda o administrativo result\u00f3 lesionado durante el ataque.<\/p>\n\n\n\n<p>\u201cEl IMSS Bienestar colabora activamente con las autoridades ministeriales para el esclarecimiento de los hechos y mantiene la operaci\u00f3n de los servicios p\u00fablicos de salud\u201d, detall\u00f3 en un comunicado.<\/p>\n\n\n\n<p>Estos hechos ocurren en el contexto de violencia que se vive en el estado de Sinaloa a causa de la disputa que mantienen \u201cLos Chapitos\u201d y \u201cLos Mayos\u201d, facciones del C\u00e1rtel de Sinaloa, desde el pasado 9 de septiembre de 2024.<\/p>\n\n\n\n<p>(Informaci\u00f3n de Infobae M\u00e9xico)<\/p>\n","protected":false},"excerpt":{"rendered":"<p>Redacci\u00f3n\/Zona Roja Cdmx. Ciudad de M\u00e9xico, a 31 de agosto de 2025.- En menos de&hellip;<\/p>\n","protected":false},"author":2,"featured_media":84120,"comment_status":"closed","ping_status":"open","sticky":false,"template":"","format":"standard","meta":{"_lmt_disableupdate":"","_lmt_disable":"","_jetpack_memberships_contains_paid_content":false,"footnotes":""},"categories":[109,51],"tags":[1335,4146],"class_list":["post-84119","post","type-post","status-publish","format-standard","has-post-thumbnail","hentry","category-minuto-a-minuto","category-zona-roja","tag-culiacan-sinaloa","tag-violencia-en-sinaloa"],"jetpack_featured_media_url":"https:\/\/zonaroja.com.mx\/wp-content\/uploads\/2025\/08\/Ataques-hospitales-armados-Sinaloa.jpg.avif","jetpack_sharing_enabled":true,"_links":{"self":[{"href":"https:\/\/zonaroja.com.mx\/index.php?rest_route=\/wp\/v2\/posts\/84119","targetHints":{"allow":["GET"]}}],"collection":[{"href":"https:\/\/zonaroja.com.mx\/index.php?rest_route=\/wp\/v2\/posts"}],"about":[{"href":"https:\/\/zonaroja.com.mx\/index.php?rest_route=\/wp\/v2\/types\/post"}],"author":[{"embeddable":true,"href":"https:\/\/zonaroja.com.mx\/index.php?rest_route=\/wp\/v2\/users\/2"}],"replies":[{"embeddable":true,"href":"https:\/\/zonaroja.com.mx\/index.php?rest_route=%2Fwp%2Fv2%2Fcomments&post=84119"}],"version-history":[{"count":1,"href":"https:\/\/zonaroja.com.mx\/index.php?rest_route=\/wp\/v2\/posts\/84119\/revisions"}],"predecessor-version":[{"id":84121,"href":"https:\/\/zonaroja.com.mx\/index.php?rest_route=\/wp\/v2\/posts\/84119\/revisions\/84121"}],"wp:featuredmedia":[{"embeddable":true,"href":"https:\/\/zonaroja.com.mx\/index.php?rest_route=\/wp\/v2\/media\/84120"}],"wp:attachment":[{"href":"https:\/\/zonaroja.com.mx\/index.php?rest_route=%2Fwp%2Fv2%2Fmedia&parent=84119"}],"wp:term":[{"taxonomy":"category","embeddable":true,"href":"https:\/\/zonaroja.com.mx\/index.php?rest_route=%2Fwp%2Fv2%2Fcategories&post=84119"},{"taxonomy":"post_tag","embeddable":true,"href":"https:\/\/zonaroja.com.mx\/index.php?rest_route=%2Fwp%2Fv2%2Ftags&post=84119"}],"curies":[{"name":"wp","href":"https:\/\/api.w.org\/{rel}","templated":true}]}}