{"id":8412,"date":"2020-02-04T20:01:03","date_gmt":"2020-02-05T02:01:03","guid":{"rendered":"http:\/\/www.zonaroja.com.mx\/?p=8412"},"modified":"2020-02-04T20:01:07","modified_gmt":"2020-02-05T02:01:07","slug":"exigen-presentacion-con-vida-de-abogado-desparecido-entre-yaitepec-y-juquila","status":"publish","type":"post","link":"https:\/\/zonaroja.com.mx\/?p=8412","title":{"rendered":"Exigen presentaci\u00f3n con vida de abogado desparecido entre Yaitepec y Juquila"},"content":{"rendered":"\n<p>Yuridiana Sosa\/Zona Roja.<\/p>\n\n\n\n<p>Oaxaca de Ju\u00e1rez, Oax., 4 de febrero de\n2020.- A m\u00e1s de dos meses de los hechos, familiares de un abogado que\ndesapareci\u00f3 el 25 de noviembre rumbo al paraje \u201cEl Pedimento\u201d, de Santa\nCatarina Juquila, exigieron frente a Palacio de Gobierno en la capital del\nestado, presentaci\u00f3n con vida del hombre originario de la Ciudad de M\u00e9xico.<\/p>\n\n\n\n<p>Esperanza Peralta, esposa de Maurilio\nGonz\u00e1lez Castro, v\u00edctima de desaparici\u00f3n, suplic\u00f3 a la Fiscal\u00eda General del\nEstado de Oaxaca agilizar las investigaciones, pues hasta el momento no se\ncuenta con mayores detalles que la localizaci\u00f3n del veh\u00edculo en el que viajaba\nsu esposo un d\u00eda despu\u00e9s de que se tuvo la \u00faltima comunicaci\u00f3n con \u00e9l.<\/p>\n\n\n\n<p>La mujer responsabiliz\u00f3 a las autoridades municipales de Santiago Yaitepec, quienes junto con la poblaci\u00f3n establecieron un bloqueo en el acceso a Juquila el 25 de noviembre, lo cual dificult\u00f3 el arribo a la poblaci\u00f3n a la que se dirig\u00eda su esposo.<\/p>\n\n\n\n<figure class=\"wp-block-embed-twitter wp-block-embed is-type-rich is-provider-twitter\"><div class=\"wp-block-embed__wrapper\">\n<div class=\"twitter-tweet\"><blockquote class=\"twitter-tweet\" data-lang=\"es\"><p lang=\"es\" dir=\"ltr\"><a href=\"https:\/\/twitter.com\/hashtag\/OaxacaGris?src=hash&amp;ref_src=twsrc%5Etfw\">#OaxacaGris<\/a><a href=\"https:\/\/twitter.com\/hashtag\/ProcuramosInjusticiaParaTi?src=hash&amp;ref_src=twsrc%5Etfw\">#ProcuramosInjusticiaParaTi<\/a><br>Entre l\u00e1grimas, familiares del abogado Maurilio Gonz\u00e1lez, originario de la Cdmx y desaparecido el 25 de noviembre de 2019 en Juquila, urgieron en la capital a la <a href=\"https:\/\/twitter.com\/FISCALIA_GobOax?ref_src=twsrc%5Etfw\">@FISCALIA_GobOax<\/a> intensificar b\u00fasqueda. <a href=\"https:\/\/twitter.com\/rosyramales?ref_src=twsrc%5Etfw\">@rosyramales<\/a> <a href=\"https:\/\/twitter.com\/Gelosnivon?ref_src=twsrc%5Etfw\">@Gelosnivon<\/a> <a href=\"https:\/\/t.co\/wunzY6g3uP\">pic.twitter.com\/wunzY6g3uP<\/a><\/p>&mdash; Zona Roja Oaxaca (@MexRoja) <a href=\"https:\/\/twitter.com\/MexRoja\/status\/1224869994288181248?ref_src=twsrc%5Etfw\">5 de febrero de 2020<\/a><\/blockquote><\/div>\n<\/div><\/figure>\n\n\n\n<p>Gonz\u00e1lez Castro, dijo la mujer, parti\u00f3\nde la Ciudad de M\u00e9xico el 24 de noviembre desconociendo la problem\u00e1tica social\nque se viv\u00eda en esta zona de Oaxaca, a donde acud\u00eda de forma constante a\nvisitar a la Virgen de Juquila como parte de una manda en agradecimiento.<\/p>\n\n\n\n<p>Aquel d\u00eda, dijo, su esposo se comunic\u00f3\ncon uno de sus amigos y le coment\u00f3 que hab\u00eda un bloqueo, por lo que caminar\u00eda\nhasta su destino final, pero nunca lleg\u00f3 a la iglesia, constan videos\nproporcionados por las autoridades eclesi\u00e1sticas del lugar.<\/p>\n\n\n\n<p>\u201cNo quiero que mi marido sea uno m\u00e1s\u201d dijo entre el llanto la mujer durante una conferencia de prensa que ofreci\u00f3 en el z\u00f3calo de la ciudad, donde mostr\u00f3 la foto impresa de su esposo por si alguien lo reconoce.<\/p>\n\n\n\n<figure class=\"wp-block-embed-twitter wp-block-embed is-type-rich is-provider-twitter\"><div class=\"wp-block-embed__wrapper\">\n<div class=\"twitter-tweet\"><blockquote class=\"twitter-tweet\" data-lang=\"es\"><p lang=\"es\" dir=\"ltr\"><a href=\"https:\/\/twitter.com\/hashtag\/OaxacaGris?src=hash&amp;ref_src=twsrc%5Etfw\">#OaxacaGris<\/a><a href=\"https:\/\/twitter.com\/hashtag\/ProcuramosInjusticiaParaTi?src=hash&amp;ref_src=twsrc%5Etfw\">#ProcuramosInjusticiaParaTi<\/a><br>Tambi\u00e9n los comerciantes de \u201cEl Pedimento\u201d, Juquila, se quejaron de la impunidad, nulos resultados y silencio de la <a href=\"https:\/\/twitter.com\/FISCALIA_GobOax?ref_src=twsrc%5Etfw\">@FISCALIA_GobOax<\/a> ante el despojo y desalojo ocurrido hace un a\u00f1o. Inician huelga de hambre. <a href=\"https:\/\/twitter.com\/JCarlosMedranoM?ref_src=twsrc%5Etfw\">@JCarlosMedranoM<\/a> <a href=\"https:\/\/twitter.com\/camaradamarko?ref_src=twsrc%5Etfw\">@camaradamarko<\/a> <a href=\"https:\/\/t.co\/B6O10EYxPg\">pic.twitter.com\/B6O10EYxPg<\/a><\/p>&mdash; Zona Roja Oaxaca (@MexRoja) <a href=\"https:\/\/twitter.com\/MexRoja\/status\/1224874856329568256?ref_src=twsrc%5Etfw\">5 de febrero de 2020<\/a><\/blockquote><\/div>\n<\/div><\/figure>\n\n\n\n<p>COMERCIANTES INICIAN HUELGA<\/p>\n\n\n\n<p>Este martes arrib\u00f3 tambi\u00e9n a la capital\noaxaque\u00f1a una representaci\u00f3n de decenas de comerciantes de Juquila afectados\npor la quema de sus locales por parte de pobladores de Yaitepec el 3 de febrero\ndel 2019.<\/p>\n\n\n\n<p>A un a\u00f1o de los hechos, los\ncomerciantes volvieron a exigir justicia a la Fiscal\u00eda General del Estado, pues\nno han podido retomar sus actividades en \u201cEl Pedimento\u201d, donde cerca de 20\nestablecimientos fueron destruidos.<\/p>\n\n\n\n<p>Los afectados comenzaron este d\u00eda una\nhuelga de hambre de manera indefinida, con la cual buscan presionar a las\nautoridades estatales establecer las condiciones para que cerca de 120 familias\nregresen a su comunidad, y se repare el da\u00f1o.<\/p>\n\n\n\n<p>Los pobladores hicieron presencia en\nlas instalaciones de la Fiscal\u00eda, en San Antonio de la Cal, para despu\u00e9s\ndirigirse al exterior del Palacio de Gobierno, en el Centro Hist\u00f3rico de Oaxaca,\ndonde iniciaron una huelga de hambre indefinida.<\/p>\n","protected":false},"excerpt":{"rendered":"<p>Yuridiana Sosa\/Zona Roja. Oaxaca de Ju\u00e1rez, Oax., 4 de febrero de 2020.- A m\u00e1s de&hellip;<\/p>\n","protected":false},"author":2,"featured_media":8413,"comment_status":"closed","ping_status":"open","sticky":false,"template":"","format":"standard","meta":{"_lmt_disableupdate":"","_lmt_disable":"","_jetpack_memberships_contains_paid_content":false,"footnotes":""},"categories":[109,47],"tags":[1126,545],"class_list":["post-8412","post","type-post","status-publish","format-standard","has-post-thumbnail","hentry","category-minuto-a-minuto","category-zona-gris","tag-maurilio-gonzalez-castro","tag-santa-catarina-juquila"],"jetpack_featured_media_url":"https:\/\/zonaroja.com.mx\/wp-content\/uploads\/2020\/02\/Abogado-desaparecido-Juquila.png","jetpack_sharing_enabled":true,"_links":{"self":[{"href":"https:\/\/zonaroja.com.mx\/index.php?rest_route=\/wp\/v2\/posts\/8412","targetHints":{"allow":["GET"]}}],"collection":[{"href":"https:\/\/zonaroja.com.mx\/index.php?rest_route=\/wp\/v2\/posts"}],"about":[{"href":"https:\/\/zonaroja.com.mx\/index.php?rest_route=\/wp\/v2\/types\/post"}],"author":[{"embeddable":true,"href":"https:\/\/zonaroja.com.mx\/index.php?rest_route=\/wp\/v2\/users\/2"}],"replies":[{"embeddable":true,"href":"https:\/\/zonaroja.com.mx\/index.php?rest_route=%2Fwp%2Fv2%2Fcomments&post=8412"}],"version-history":[{"count":1,"href":"https:\/\/zonaroja.com.mx\/index.php?rest_route=\/wp\/v2\/posts\/8412\/revisions"}],"predecessor-version":[{"id":8414,"href":"https:\/\/zonaroja.com.mx\/index.php?rest_route=\/wp\/v2\/posts\/8412\/revisions\/8414"}],"wp:featuredmedia":[{"embeddable":true,"href":"https:\/\/zonaroja.com.mx\/index.php?rest_route=\/wp\/v2\/media\/8413"}],"wp:attachment":[{"href":"https:\/\/zonaroja.com.mx\/index.php?rest_route=%2Fwp%2Fv2%2Fmedia&parent=8412"}],"wp:term":[{"taxonomy":"category","embeddable":true,"href":"https:\/\/zonaroja.com.mx\/index.php?rest_route=%2Fwp%2Fv2%2Fcategories&post=8412"},{"taxonomy":"post_tag","embeddable":true,"href":"https:\/\/zonaroja.com.mx\/index.php?rest_route=%2Fwp%2Fv2%2Ftags&post=8412"}],"curies":[{"name":"wp","href":"https:\/\/api.w.org\/{rel}","templated":true}]}}