{"id":84122,"date":"2025-08-31T10:45:00","date_gmt":"2025-08-31T16:45:00","guid":{"rendered":"https:\/\/zonaroja.com.mx\/?p=84122"},"modified":"2025-08-31T06:35:46","modified_gmt":"2025-08-31T12:35:46","slug":"presenta-escritor-jorge-pech-presento-su-libro-sobre-artistas-de-oaxaca","status":"publish","type":"post","link":"https:\/\/zonaroja.com.mx\/?p=84122","title":{"rendered":"Presenta escritor Jorge Pech present\u00f3 su libro sobre artistas de \u00a0Oaxaca"},"content":{"rendered":"\n<p>Lisbeth Mej\u00eda Reyes\/Zona Roja. Foto: Cortes\u00eda.<\/p>\n\n\n\n<p>Oaxaca, Oax., a 31 de agosto de 2025.- Con un repaso sobre el desarrollo del arte en Oaxaca en las \u00faltimas d\u00e9cadas, a trav\u00e9s de figuras que ha fallecido y otras que mantienen el legado de sus antecesores con renovadas propuestas, el escritor Jorge Pech Casanova present\u00f3 este viernes su libro \u00abArtistas de &nbsp;Oaxaca. Evocaci\u00f3n de Ausencias, Vindicaci\u00f3n de Presencias\u00bb.&nbsp;<\/p>\n\n\n\n<p>Fue en la Galer\u00eda Arte de Oaxaca, en el centro de la capital, donde el tambi\u00e9n cr\u00edtico de arte y poeta comparti\u00f3 los motivos que dieron pie a este primer volumen de tres que trabaja sobre las artes en la entidad a la que lleg\u00f3 hace 28 a\u00f1os.<\/p>\n\n\n\n<p>En la presentaci\u00f3n del libro editado por Alm\u00e1cigo Ediciones estuvieron la artista Siegrid Wiese y la cr\u00edtica de arte y curadora Tamara Le\u00f3n. Fueron ellas las responsables de comentar este primer volumen y sobre el trabajo en general del escritor yucateco.<\/p>\n\n\n\n<p>El acto congreg\u00f3 a decenas de artistas y personas interesadas en las artes, quienes escucharon parte de las an\u00e9cdotas del autor, quien ha conocido de los cambios en la historia de las \u00faltimas d\u00e9cadas en la entidad.&nbsp;<\/p>\n\n\n\n<p>Nombres como Rufino Tamayo, Rodolfo Morales, Francisco Toledo y otros m\u00e1s fueron citados entre quienes ya fallecieron. Aunque Pech tambi\u00e9n habl\u00f3 de la vitalidad en el movimiento a partir de las mujeres artistas.<\/p>\n\n\n\n<p>El que la presentaci\u00f3n haya sido en la emblem\u00e1tica Galer\u00eda Arte de Oaxaca fue tambi\u00e9n un motivo para que el autor compartiera la importancia de este lugar, que fue casa del fallecido artista ocoteco Rodolfo Morales y que tambi\u00e9n fue la primera sede el Instituto de Investigaciones Est\u00e9ticas de la Universidad Nacional Aut\u00f3noma de M\u00e9xico (UNAM).&nbsp;<\/p>\n\n\n\n<p>Pech record\u00f3 que a partir de 1993 es sede de la galer\u00eda, aunque de igual forma el inmueble fue sede del ahora restaurante \u201cEl Sol y la Luna\u201d, que era un sitio de exposiciones y despu\u00e9s se enfoc\u00f3 m\u00e1s en la m\u00fasica.<\/p>\n\n\n\n<p>En este encuentro le acompa\u00f1aron amistades, artistas y periodistas. Al final del encuentro, Pech Casanova firm\u00f3 varios de los ejemplares de un libro que rinde homenaje a las y los maestros del arte en Oaxaca y a las artistas que est\u00e1n produciendo en las artes visuales.&nbsp;<\/p>\n\n\n\n<p>El libro dedica una parte a los artistas fallecidos, entre estos Francisco Bonequi, Armando Garc\u00eda N\u00fa\u00f1ez, Rufino Tamayo, Francisco Guti\u00e9rrez, Rodolfo Morales, Rodolfo Nieto, Francisco Toledo, Jes\u00fas Urbieta, Alejandro Santiago, Edmundo y Arnulfo Aquino. En \u00e9l tambi\u00e9n figuran Justina Fuentes, Irma Guerrero, Susana Wald, Ivonne Kennedy, Siegrid Wiese, Soledad Velasco, Alejandra Villegas, entre otras, as\u00ed como los colectivos de mujeres artistas.<\/p>\n","protected":false},"excerpt":{"rendered":"<p>Lisbeth Mej\u00eda Reyes\/Zona Roja. Foto: Cortes\u00eda. Oaxaca, Oax., a 31 de agosto de 2025.- Con&hellip;<\/p>\n","protected":false},"author":2,"featured_media":84112,"comment_status":"closed","ping_status":"open","sticky":false,"template":"","format":"standard","meta":{"_lmt_disableupdate":"","_lmt_disable":"","_jetpack_memberships_contains_paid_content":false,"footnotes":""},"categories":[109,46],"tags":[4406],"class_list":["post-84122","post","type-post","status-publish","format-standard","has-post-thumbnail","hentry","category-minuto-a-minuto","category-zona-blanca","tag-jorge-pech-casanova"],"jetpack_featured_media_url":"https:\/\/zonaroja.com.mx\/wp-content\/uploads\/2025\/08\/jorge-Pech-presenta-libro.jpg","jetpack_sharing_enabled":true,"_links":{"self":[{"href":"https:\/\/zonaroja.com.mx\/index.php?rest_route=\/wp\/v2\/posts\/84122","targetHints":{"allow":["GET"]}}],"collection":[{"href":"https:\/\/zonaroja.com.mx\/index.php?rest_route=\/wp\/v2\/posts"}],"about":[{"href":"https:\/\/zonaroja.com.mx\/index.php?rest_route=\/wp\/v2\/types\/post"}],"author":[{"embeddable":true,"href":"https:\/\/zonaroja.com.mx\/index.php?rest_route=\/wp\/v2\/users\/2"}],"replies":[{"embeddable":true,"href":"https:\/\/zonaroja.com.mx\/index.php?rest_route=%2Fwp%2Fv2%2Fcomments&post=84122"}],"version-history":[{"count":1,"href":"https:\/\/zonaroja.com.mx\/index.php?rest_route=\/wp\/v2\/posts\/84122\/revisions"}],"predecessor-version":[{"id":84123,"href":"https:\/\/zonaroja.com.mx\/index.php?rest_route=\/wp\/v2\/posts\/84122\/revisions\/84123"}],"wp:featuredmedia":[{"embeddable":true,"href":"https:\/\/zonaroja.com.mx\/index.php?rest_route=\/wp\/v2\/media\/84112"}],"wp:attachment":[{"href":"https:\/\/zonaroja.com.mx\/index.php?rest_route=%2Fwp%2Fv2%2Fmedia&parent=84122"}],"wp:term":[{"taxonomy":"category","embeddable":true,"href":"https:\/\/zonaroja.com.mx\/index.php?rest_route=%2Fwp%2Fv2%2Fcategories&post=84122"},{"taxonomy":"post_tag","embeddable":true,"href":"https:\/\/zonaroja.com.mx\/index.php?rest_route=%2Fwp%2Fv2%2Ftags&post=84122"}],"curies":[{"name":"wp","href":"https:\/\/api.w.org\/{rel}","templated":true}]}}