{"id":84124,"date":"2025-08-31T11:45:00","date_gmt":"2025-08-31T17:45:00","guid":{"rendered":"https:\/\/zonaroja.com.mx\/?p=84124"},"modified":"2025-08-31T06:54:14","modified_gmt":"2025-08-31T12:54:14","slug":"la-revocacion-de-mandato-va-y-es-decision-de-estado-y-personal-jara","status":"publish","type":"post","link":"https:\/\/zonaroja.com.mx\/?p=84124","title":{"rendered":"La revocaci\u00f3n de mandato va y es decisi\u00f3n de Estado y personal: Jara"},"content":{"rendered":"\n<p>Redacci\u00f3n\/Zona Roja Cdmx.<\/p>\n\n\n\n<p>Ciudad de M\u00e9xico, a 31 de agosto de 2025.- El gobernador de Oaxaca, Salom\u00f3n Jara Cruz, se convirti\u00f3 en la \u00fanica autoridad de una entidad federal de todo el pa\u00eds en seguir el ejemplo del expresidente Andr\u00e9s Manuel L\u00f3pez Obrador al promover un proceso de revocaci\u00f3n de mandato, para que las y los oaxaque\u00f1os decidan si lo ratifica o no en el cargo.<\/p>\n\n\n\n<p>Este viernes, el gobernador morenista record\u00f3 que este ejercicio democr\u00e1tico lo puso en pr\u00e1ctico, por primera vez, L\u00f3pez Obrador para empoderar al pueblo mexicano. \u00abSoy amigo y compa\u00f1ero de lucha de Andr\u00e9s Manuel desde hace m\u00e1s de 30 a\u00f1os. Creo en su ejemplo y pienso que seguir sus pasos en este ejercicio democr\u00e1tico es la mejor manera de fortalecer la transformaci\u00f3n de M\u00e9xico y de Oaxaca\u00bb, expres\u00f3.<\/p>\n\n\n\n<p>Seg\u00fan explic\u00f3, al cumplir tres a\u00f1os al frente de Oaxaca, confirm\u00f3 que seguir\u00e1 los pasos del expresidente e impulsar\u00e1 una elecci\u00f3n libre, universal y directa en la cual la ciudadan\u00eda decidir\u00e1 si \u00e9l contin\u00faa gobernando la entidad hasta el fin de su mandato, previsto para 2028.<\/p>\n\n\n\n<p>Con este proceso, el mandatario estatal cumple una promesa que hizo en campa\u00f1a. \u00abAl pueblo de Oaxaca quiero dejarle claro que nuestro movimiento es el impulsor de este ejercicio, que somos nosotros quienes promovemos el empoderamiento del pueblo\u00bb, agreg\u00f3.<\/p>\n\n\n\n<p>Adem\u00e1s, pidi\u00f3 a la sociedad no dejarse enga\u00f1ar por quienes se han apropiado de esta iniciativa. \u00ab\u00a1Es mentira! yo soy quien, desde la campa\u00f1a, promet\u00ed que impulsar\u00eda este ejercicio y estoy cumpliendo con mi palabra. Lo hago por convicci\u00f3n y congruencia con nuestro movimiento de lucha. Yo vengo de abajo y estoy convencido que el pueblo es sabio y debe decidir su destino\u00bb, agreg\u00f3.<\/p>\n\n\n\n<p>En este contexto, el gobernante de Oaxaca dio la bienvenida al debate que, en los pr\u00f3ximos meses, se abrir\u00e1 sobre este proceso, con la convicci\u00f3n de que \u00abcon el pueblo todo, sin el pueblo nada\u00bb.<\/p>\n\n\n\n<p>Mientras tanto, se comprometi\u00f3 a continuar sentando las bases de la transformaci\u00f3n profunda del estado, como lo ha hecho desde diciembre de 2022 y a seguir trabajando como nunca se hizo para que florezca la primavera y Oaxaca tenga el bienestar, la justicia y el desarrollo que el pueblo se merece.<\/p>\n\n\n\n<p>(Informaci\u00f3n del sitio \u201cLa Pol\u00edtica On Line\u201d)<\/p>\n\n\n\n<figure class=\"wp-block-embed is-type-rich is-provider-twitter wp-block-embed-twitter\"><div class=\"wp-block-embed__wrapper\">\n<div class=\"twitter-tweet\"><blockquote class=\"twitter-tweet\" data-lang=\"es\"><p lang=\"es\" dir=\"ltr\">\u00bfQu\u00e9 con la revocaci\u00f3n de mandato? \u00bfVa o no va?<br><br>Esto dice el gobernador de Oaxaca, <a href=\"https:\/\/twitter.com\/salomonj?ref_src=twsrc%5Etfw\">@SalomonJ<\/a>, en un mensaje que emite esta noche: <br><br>\u201cAlgunas voces querr\u00e1n enga\u00f1arlos diciendo que ellos son los que est\u00e1n impulsando la revocaci\u00f3n. \u00a1Es mentira!<br><br>\u201cYo soy quien desde la campa\u00f1a\u2026 <a href=\"https:\/\/t.co\/JWWI69nhOW\">pic.twitter.com\/JWWI69nhOW<\/a><\/p>&mdash; Zona Roja Oaxaca (@ZonaRoja_Oaxaca) <a href=\"https:\/\/twitter.com\/ZonaRoja_Oaxaca\/status\/1961616637729137052?ref_src=twsrc%5Etfw\">30 de agosto de 2025<\/a><\/blockquote><\/div>\n<\/div><\/figure>\n","protected":false},"excerpt":{"rendered":"<p>Redacci\u00f3n\/Zona Roja Cdmx. Ciudad de M\u00e9xico, a 31 de agosto de 2025.- El gobernador de&hellip;<\/p>\n","protected":false},"author":2,"featured_media":64074,"comment_status":"closed","ping_status":"open","sticky":false,"template":"","format":"standard","meta":{"_lmt_disableupdate":"","_lmt_disable":"","_jetpack_memberships_contains_paid_content":false,"footnotes":""},"categories":[109,46],"tags":[2441],"class_list":["post-84124","post","type-post","status-publish","format-standard","has-post-thumbnail","hentry","category-minuto-a-minuto","category-zona-blanca","tag-salmon-jara-cruz"],"jetpack_featured_media_url":"https:\/\/zonaroja.com.mx\/wp-content\/uploads\/2024\/01\/Salomon-Jara.jpeg","jetpack_sharing_enabled":true,"_links":{"self":[{"href":"https:\/\/zonaroja.com.mx\/index.php?rest_route=\/wp\/v2\/posts\/84124","targetHints":{"allow":["GET"]}}],"collection":[{"href":"https:\/\/zonaroja.com.mx\/index.php?rest_route=\/wp\/v2\/posts"}],"about":[{"href":"https:\/\/zonaroja.com.mx\/index.php?rest_route=\/wp\/v2\/types\/post"}],"author":[{"embeddable":true,"href":"https:\/\/zonaroja.com.mx\/index.php?rest_route=\/wp\/v2\/users\/2"}],"replies":[{"embeddable":true,"href":"https:\/\/zonaroja.com.mx\/index.php?rest_route=%2Fwp%2Fv2%2Fcomments&post=84124"}],"version-history":[{"count":1,"href":"https:\/\/zonaroja.com.mx\/index.php?rest_route=\/wp\/v2\/posts\/84124\/revisions"}],"predecessor-version":[{"id":84125,"href":"https:\/\/zonaroja.com.mx\/index.php?rest_route=\/wp\/v2\/posts\/84124\/revisions\/84125"}],"wp:featuredmedia":[{"embeddable":true,"href":"https:\/\/zonaroja.com.mx\/index.php?rest_route=\/wp\/v2\/media\/64074"}],"wp:attachment":[{"href":"https:\/\/zonaroja.com.mx\/index.php?rest_route=%2Fwp%2Fv2%2Fmedia&parent=84124"}],"wp:term":[{"taxonomy":"category","embeddable":true,"href":"https:\/\/zonaroja.com.mx\/index.php?rest_route=%2Fwp%2Fv2%2Fcategories&post=84124"},{"taxonomy":"post_tag","embeddable":true,"href":"https:\/\/zonaroja.com.mx\/index.php?rest_route=%2Fwp%2Fv2%2Ftags&post=84124"}],"curies":[{"name":"wp","href":"https:\/\/api.w.org\/{rel}","templated":true}]}}